{"id":6312,"date":"2020-05-12T01:22:33","date_gmt":"2020-05-12T04:22:33","guid":{"rendered":"http:\/\/portalmovil.com.ar\/?p=6312"},"modified":"2020-05-12T01:22:37","modified_gmt":"2020-05-12T04:22:37","slug":"la-legislatura-brindara-soporte-tecnico-para-la-sesion-de-este-miercoles-en-el-senado-de-la-nacion","status":"publish","type":"post","link":"https:\/\/portalmovil.com.ar\/index.php\/2020\/05\/12\/la-legislatura-brindara-soporte-tecnico-para-la-sesion-de-este-miercoles-en-el-senado-de-la-nacion\/","title":{"rendered":"La Legislatura brindar\u00e1 soporte t\u00e9cnico para la sesi\u00f3n de este mi\u00e9rcoles en el Senado de la Naci\u00f3n"},"content":{"rendered":"\n<p>El presidente del Poder Legislativo\u00a0<strong>Hugo<\/strong> <strong>Sager<\/strong>\u00a0anticip\u00f3 que la Legislatura brindar\u00e1 el soporte t\u00e9cnico para que el senador nacional\u00a0V\u00edctor Zimmermann\u00a0pueda sesionar por medio de esta plataforma en el nuevo sistema remoto del Senado de la Naci\u00f3n que, en principio, se pondr\u00e1 en marcha este mi\u00e9rcoles a las 14 en una hist\u00f3rica sesi\u00f3n del Senado de la Naci\u00f3n, encabezado por la vicepresidenta\u00a0Cristina Fern\u00e1ndez.<\/p>\n\n\n\n<p>En el marco de la adaptaci\u00f3n de la administraci\u00f3n p\u00fablica nacional y sus poderes, las limitaciones que imponen el protocolo nacional y provincial respecto de la tem\u00e1tica Covid-19, el Senado de la Naci\u00f3n decidi\u00f3 realizar sus sesiones a trav\u00e9s de medios digitales y autoriz\u00f3 a los senadores que representan a las provincias para hacerlo desde sus domicilios particulares, desde sus municipios o eventualmente de las Legislaturas provinciales.<\/p>\n\n\n\n<p>\u00abHemos recibido la solicitud del senador nacional V\u00edctor Zimmermann para realizar el enlace desde nuestro edificio, atento a lo que entiende le puede brindar de soporte t\u00e9cnico esta Legislatura\u00bb, asegur\u00f3 Sager.<\/p>\n\n\n\n<p>\u00abEn concordancia con las medidas que se adoptaron a nivel nacional, tanto la administraci\u00f3n p\u00fablica como sus poderes debemos enfrentar estas limitaciones que imponen el protocolo nacional y provincial, por lo tanto esta Legislatura ser\u00e1 la encargada de realizar el enlace desde el recinto, en un hecho que es hist\u00f3rico en la vida legislativa nacional\u00bb, remarc\u00f3 el titular del Poder.<\/p>\n\n\n\n<p>En ese sentido, Sager enfatiz\u00f3 respecto de la labor de legisladores en cuanto al trabajo de comisiones: \u00abEsta Legislatura es un ejemplo en esta modalidad de sesiones, ya que viene llevando adelante en forma virtual sus reuniones de comisi\u00f3n\u00bb.<\/p>\n\n\n\n<p>Ayer &nbsp;se realiz\u00f3 la prueba general de sesi\u00f3n a distancia, con la participaci\u00f3n de los senadores de manera virtual y las autoridades en el recinto.<br>Por otra parte, est\u00e1 previsto que el personal del Registro Nacional de las Personas (Renaper) sea el encargado de realizar la identificaci\u00f3n de cada legislador previamente a la sesi\u00f3n.<\/p>\n\n\n\n<p>\u00abPor un lado, podemos ver con satisfacci\u00f3n que la Legislatura chaque\u00f1a participe de esta manera en forma directa; y por otro lado remarcar que &nbsp;el personal que forma parte de esta Legislatura est\u00e1 altamente capacitado para el nivel de exigencia que impone una sesi\u00f3n ordinaria en el Senado\u00bb, cerr\u00f3 Sager.<\/p>\n","protected":false},"excerpt":{"rendered":"<p>El presidente del Poder Legislativo\u00a0Hugo Sager\u00a0anticip\u00f3 que la Legislatura brindar\u00e1 el soporte t\u00e9cnico para que el senador nacional\u00a0V\u00edctor Zimmermann\u00a0pueda sesionar por medio de esta plataforma en el nuevo sistema remoto del Senado de la Naci\u00f3n que, en principio, se pondr\u00e1 en marcha este mi\u00e9rcoles a las 14 en una hist\u00f3rica sesi\u00f3n del Senado de la &hellip;<\/p>\n","protected":false},"author":2,"featured_media":6313,"comment_status":"open","ping_status":"open","sticky":false,"template":"","format":"standard","meta":{"_jetpack_memberships_contains_paid_content":false,"footnotes":"","jetpack_publicize_message":"","jetpack_publicize_feature_enabled":true,"jetpack_social_post_already_shared":true,"jetpack_social_options":{"image_generator_settings":{"template":"highway","default_image_id":0,"font":"","enabled":false},"version":2}},"categories":[5,14],"tags":[],"class_list":["post-6312","post","type-post","status-publish","format-standard","has-post-thumbnail","hentry","category-chaco","category-politica"],"jetpack_publicize_connections":[],"jetpack_featured_media_url":"https:\/\/portalmovil.com.ar\/wp-content\/uploads\/2020\/05\/cd1b20f1-dbf5-48f2-9af3-0bd0f6b2eeaa.jpg","jetpack_sharing_enabled":true,"amp_enabled":true,"_links":{"self":[{"href":"https:\/\/portalmovil.com.ar\/index.php\/wp-json\/wp\/v2\/posts\/6312","targetHints":{"allow":["GET"]}}],"collection":[{"href":"https:\/\/portalmovil.com.ar\/index.php\/wp-json\/wp\/v2\/posts"}],"about":[{"href":"https:\/\/portalmovil.com.ar\/index.php\/wp-json\/wp\/v2\/types\/post"}],"author":[{"embeddable":true,"href":"https:\/\/portalmovil.com.ar\/index.php\/wp-json\/wp\/v2\/users\/2"}],"replies":[{"embeddable":true,"href":"https:\/\/portalmovil.com.ar\/index.php\/wp-json\/wp\/v2\/comments?post=6312"}],"version-history":[{"count":1,"href":"https:\/\/portalmovil.com.ar\/index.php\/wp-json\/wp\/v2\/posts\/6312\/revisions"}],"predecessor-version":[{"id":6314,"href":"https:\/\/portalmovil.com.ar\/index.php\/wp-json\/wp\/v2\/posts\/6312\/revisions\/6314"}],"wp:featuredmedia":[{"embeddable":true,"href":"https:\/\/portalmovil.com.ar\/index.php\/wp-json\/wp\/v2\/media\/6313"}],"wp:attachment":[{"href":"https:\/\/portalmovil.com.ar\/index.php\/wp-json\/wp\/v2\/media?parent=6312"}],"wp:term":[{"taxonomy":"category","embeddable":true,"href":"https:\/\/portalmovil.com.ar\/index.php\/wp-json\/wp\/v2\/categories?post=6312"},{"taxonomy":"post_tag","embeddable":true,"href":"https:\/\/portalmovil.com.ar\/index.php\/wp-json\/wp\/v2\/tags?post=6312"}],"curies":[{"name":"wp","href":"https:\/\/api.w.org\/{rel}","templated":true}]}}