{"id":62978,"date":"2022-09-13T16:49:04","date_gmt":"2022-09-13T19:49:04","guid":{"rendered":"https:\/\/portalmovil.com.ar\/?p=62978"},"modified":"2022-09-13T16:49:06","modified_gmt":"2022-09-13T19:49:06","slug":"puerto-vilelas-realizo-el-2-torneo-de-pesca-y-lanzamiento-infantil-los-moncholeritos","status":"publish","type":"post","link":"https:\/\/portalmovil.com.ar\/index.php\/2022\/09\/13\/puerto-vilelas-realizo-el-2-torneo-de-pesca-y-lanzamiento-infantil-los-moncholeritos\/","title":{"rendered":"Puerto Vilelas realiz\u00f3 el 2\u00b0 Torneo de Pesca y Lanzamiento Infantil \u00abLos Moncholeritos\u00bb"},"content":{"rendered":"\n<p>\u00abBuscamos ser un punto de referencia y atracci\u00f3n tur\u00edstica a nivel provincial\u00bb, expres\u00f3 el intendente V\u00edctor Rea al hacer referencia a estos tipos de acontecimientos.<\/p>\n\n\n\n<p>Durante el \u00faltimo domingo, la Municipalidad de Puerto Vilelas conducida por el intendente V\u00edctor Rea, llev\u00f3 adelante el 2\u00b0 Torneo de Pesca y Lanzamiento Infantil \u00abLos Moncholeritos\u00bb, que se realiz\u00f3 en el Camping Municipal de las Tres Bocas. Esta actividad tambi\u00e9n cont\u00f3 con la organizaci\u00f3n del camping y punto de referencia pesquero El Suru.<\/p>\n\n\n\n<p><br>\u00abDesde nuestra gesti\u00f3n buscamos ser un punto de referencia y atracci\u00f3n tur\u00edstica a nivel provincial\u00bb, remarc\u00f3 el jefe comunal vilelense al hacer referencia a este certamen que convoc\u00f3 a deportistas de localidades aleda\u00f1as, sin olvidar que tambi\u00e9n, durante este certamen, se llev\u00f3 a cabo una Feria de Emprendedores organizada por la Secretar\u00eda de Industria, Empleo y Producci\u00f3n a cargo de Lidia Quir\u00f3z.<\/p>\n\n\n\n<p><br>Por su parte, el subsecretario de Cultura Leonardo Mosqueda celebr\u00f3 haber formado parte de este acontecimiento, adem\u00e1s de mostrar distintos n\u00fameros art\u00edsticos como los bailarines del anexo de \u00abCreciendo Juntos\u00bb de las 60 viviendas que est\u00e1 coordinado por la profesora Tania Ver\u00f3n y por la directora Laura Ojeda.<\/p>\n\n\n\n<p><br>Adem\u00e1s, el subsecretario de Deportes Armando Cuenca destac\u00f3 en gran manera el trabajo del camping de pesca El Suru y \u00abtodas las propuestas que desde el municipio vilelense ofrecieron a los visitantes y comunidad en general, quienes dieron el color a un gran evento que se continuar\u00e1 realizando\u00bb.<\/p>\n\n\n\n<p><br>Finalmente, la organizadora fundamental para que este evento haya sido un \u00e9xito, adem\u00e1s de ser la titular del camping pesquero El Suru, Mariela Coronel, celebr\u00f3 la realizaci\u00f3n de este torneo, que tuvo todos los condimentos para que sea un verdadero \u00e9xito\u00bb, remarcando a su vez que \u00abesperamos y trabajaremos por la continuidad de estos tipos de acontecimientos\u00bb.<\/p>\n","protected":false},"excerpt":{"rendered":"<p>\u00abBuscamos ser un punto de referencia y atracci\u00f3n tur\u00edstica a nivel provincial\u00bb, expres\u00f3 el intendente V\u00edctor Rea al hacer referencia a estos tipos de acontecimientos. Durante el \u00faltimo domingo, la Municipalidad de Puerto Vilelas conducida por el intendente V\u00edctor Rea, llev\u00f3 adelante el 2\u00b0 Torneo de Pesca y Lanzamiento Infantil \u00abLos Moncholeritos\u00bb, que se realiz\u00f3 &hellip;<\/p>\n","protected":false},"author":2,"featured_media":62979,"comment_status":"open","ping_status":"open","sticky":false,"template":"","format":"standard","meta":{"_jetpack_memberships_contains_paid_content":false,"footnotes":"","jetpack_publicize_message":"","jetpack_publicize_feature_enabled":true,"jetpack_social_post_already_shared":true,"jetpack_social_options":{"image_generator_settings":{"template":"highway","default_image_id":0,"font":"","enabled":false},"version":2}},"categories":[28,5],"tags":[],"class_list":["post-62978","post","type-post","status-publish","format-standard","has-post-thumbnail","hentry","category-actualidad","category-chaco"],"jetpack_publicize_connections":[],"jetpack_featured_media_url":"https:\/\/portalmovil.com.ar\/wp-content\/uploads\/2022\/09\/e6c8089a-4673-446e-95a5-282f8fffd89f.jpg","jetpack_sharing_enabled":true,"amp_enabled":true,"_links":{"self":[{"href":"https:\/\/portalmovil.com.ar\/index.php\/wp-json\/wp\/v2\/posts\/62978","targetHints":{"allow":["GET"]}}],"collection":[{"href":"https:\/\/portalmovil.com.ar\/index.php\/wp-json\/wp\/v2\/posts"}],"about":[{"href":"https:\/\/portalmovil.com.ar\/index.php\/wp-json\/wp\/v2\/types\/post"}],"author":[{"embeddable":true,"href":"https:\/\/portalmovil.com.ar\/index.php\/wp-json\/wp\/v2\/users\/2"}],"replies":[{"embeddable":true,"href":"https:\/\/portalmovil.com.ar\/index.php\/wp-json\/wp\/v2\/comments?post=62978"}],"version-history":[{"count":1,"href":"https:\/\/portalmovil.com.ar\/index.php\/wp-json\/wp\/v2\/posts\/62978\/revisions"}],"predecessor-version":[{"id":62980,"href":"https:\/\/portalmovil.com.ar\/index.php\/wp-json\/wp\/v2\/posts\/62978\/revisions\/62980"}],"wp:featuredmedia":[{"embeddable":true,"href":"https:\/\/portalmovil.com.ar\/index.php\/wp-json\/wp\/v2\/media\/62979"}],"wp:attachment":[{"href":"https:\/\/portalmovil.com.ar\/index.php\/wp-json\/wp\/v2\/media?parent=62978"}],"wp:term":[{"taxonomy":"category","embeddable":true,"href":"https:\/\/portalmovil.com.ar\/index.php\/wp-json\/wp\/v2\/categories?post=62978"},{"taxonomy":"post_tag","embeddable":true,"href":"https:\/\/portalmovil.com.ar\/index.php\/wp-json\/wp\/v2\/tags?post=62978"}],"curies":[{"name":"wp","href":"https:\/\/api.w.org\/{rel}","templated":true}]}}