{"id":6293,"date":"2020-05-11T22:15:30","date_gmt":"2020-05-12T01:15:30","guid":{"rendered":"http:\/\/portalmovil.com.ar\/?p=6293"},"modified":"2020-05-11T22:15:35","modified_gmt":"2020-05-12T01:15:35","slug":"no-habra-colectivos-este-martes-12-de-mayo-por-paro-de-uta","status":"publish","type":"post","link":"https:\/\/portalmovil.com.ar\/index.php\/2020\/05\/11\/no-habra-colectivos-este-martes-12-de-mayo-por-paro-de-uta\/","title":{"rendered":"No habr\u00e1 colectivos este martes 12 de Mayo por paro de UTA"},"content":{"rendered":"\n<p>Desde la  UTA, el  secretario general Ra\u00fal Abraham, confirm\u00f3 el paro de choferes que regir\u00e1 desde las 00 de este martes 12 de Mayo, por el reclamo del pago del 50% restante de los haberes de abril.<\/p>\n\n\n\n<p>La medida de fuerza ser\u00e1 \u00abhasta que cobren todos los choferes\u00bb,\u00a0y se cumplir\u00e1 en todo el interior del pa\u00eds, a excepci\u00f3n del \u00c1rea Metropolitana del Gran Buenos Aires.<\/p>\n\n\n\n<p>El gremialista se\u00f1al\u00f3 que este lunes\u00a0\u00abhubo una charla por videoconferencia\u00a0con representantes de la FATAP (la entidad que nuclea a las empresas de\u00a0transporte) y autoridades del Ministerio de Transporte, pero\u00a0no hubo ning\u00fan avance, y se decidi\u00f3 ratificar la medida de fuerza\u00bb.<\/p>\n\n\n\n<p>\u00abLos trabajadores cobraron s\u00f3lo la mitad del sueldo, y los empresarios dicen que no pueden afrontar el pago del 50% restante, pero la Naci\u00f3n dijo que no hay m\u00e1s aportes extraordinarios\u00bb, afirm\u00f3 Abraham, quien agreg\u00f3 que se acord\u00f3 una nueva reuni\u00f3n el mi\u00e9rcoles al mediod\u00eda, \u00abaunque las expectativas no son alentadoras\u00bb.<\/p>\n\n\n\n<p>As\u00ed, este martes no habr\u00e1 servicio de\u00a0colectivos\u00a0urbanos e interurbanos en el Gran Resistencia.<\/p>\n","protected":false},"excerpt":{"rendered":"<p>Desde la UTA, el secretario general Ra\u00fal Abraham, confirm\u00f3 el paro de choferes que regir\u00e1 desde las 00 de este martes 12 de Mayo, por el reclamo del pago del 50% restante de los haberes de abril. La medida de fuerza ser\u00e1 \u00abhasta que cobren todos los choferes\u00bb,\u00a0y se cumplir\u00e1 en todo el interior del &hellip;<\/p>\n","protected":false},"author":2,"featured_media":6294,"comment_status":"open","ping_status":"open","sticky":false,"template":"","format":"standard","meta":{"_jetpack_memberships_contains_paid_content":false,"footnotes":"","jetpack_publicize_message":"","jetpack_publicize_feature_enabled":true,"jetpack_social_post_already_shared":true,"jetpack_social_options":{"image_generator_settings":{"template":"highway","default_image_id":0,"font":"","enabled":false},"version":2}},"categories":[28,3],"tags":[],"class_list":["post-6293","post","type-post","status-publish","format-standard","has-post-thumbnail","hentry","category-actualidad","category-sociedad"],"jetpack_publicize_connections":[],"jetpack_featured_media_url":"https:\/\/portalmovil.com.ar\/wp-content\/uploads\/2020\/05\/colectivos_56977_56977.jpg","jetpack_sharing_enabled":true,"amp_enabled":true,"_links":{"self":[{"href":"https:\/\/portalmovil.com.ar\/index.php\/wp-json\/wp\/v2\/posts\/6293","targetHints":{"allow":["GET"]}}],"collection":[{"href":"https:\/\/portalmovil.com.ar\/index.php\/wp-json\/wp\/v2\/posts"}],"about":[{"href":"https:\/\/portalmovil.com.ar\/index.php\/wp-json\/wp\/v2\/types\/post"}],"author":[{"embeddable":true,"href":"https:\/\/portalmovil.com.ar\/index.php\/wp-json\/wp\/v2\/users\/2"}],"replies":[{"embeddable":true,"href":"https:\/\/portalmovil.com.ar\/index.php\/wp-json\/wp\/v2\/comments?post=6293"}],"version-history":[{"count":1,"href":"https:\/\/portalmovil.com.ar\/index.php\/wp-json\/wp\/v2\/posts\/6293\/revisions"}],"predecessor-version":[{"id":6295,"href":"https:\/\/portalmovil.com.ar\/index.php\/wp-json\/wp\/v2\/posts\/6293\/revisions\/6295"}],"wp:featuredmedia":[{"embeddable":true,"href":"https:\/\/portalmovil.com.ar\/index.php\/wp-json\/wp\/v2\/media\/6294"}],"wp:attachment":[{"href":"https:\/\/portalmovil.com.ar\/index.php\/wp-json\/wp\/v2\/media?parent=6293"}],"wp:term":[{"taxonomy":"category","embeddable":true,"href":"https:\/\/portalmovil.com.ar\/index.php\/wp-json\/wp\/v2\/categories?post=6293"},{"taxonomy":"post_tag","embeddable":true,"href":"https:\/\/portalmovil.com.ar\/index.php\/wp-json\/wp\/v2\/tags?post=6293"}],"curies":[{"name":"wp","href":"https:\/\/api.w.org\/{rel}","templated":true}]}}