{"id":62843,"date":"2022-09-11T10:55:22","date_gmt":"2022-09-11T13:55:22","guid":{"rendered":"https:\/\/portalmovil.com.ar\/?p=62843"},"modified":"2022-09-11T10:56:26","modified_gmt":"2022-09-11T13:56:26","slug":"rusia-reagrupa-sus-fuerzas-tras-avances-de-la-contraofensiva-ucraniana","status":"publish","type":"post","link":"https:\/\/portalmovil.com.ar\/index.php\/2022\/09\/11\/rusia-reagrupa-sus-fuerzas-tras-avances-de-la-contraofensiva-ucraniana\/","title":{"rendered":"Rusia \u00abreagrupa\u00bb sus fuerzas tras avances de la contraofensiva ucraniana"},"content":{"rendered":"\n<p>Rusia anunci\u00f3 hoy que decidi\u00f3 \u00abreagrupar\u00bb sus soldados en la provincia ucraniana de Jarkov poco despu\u00e9s de que Ucrania anunciara avances de su contraofensiva en la zona, al reconquistar territorios ocupados desde hace meses por las fuerzas rusas.<\/p>\n\n\n\n<p>Las tropas leales a Kiev aseguraron hoy haber entrado en Kupiansk, una localidad que por su conexi\u00f3n terrestre es clave en sus objetivos de reconquistar el este.<\/p>\n\n\n\n<p>En ese sentido, estos soldados publicaron hoy im\u00e1genes en las redes sociales en las que se ve\u00edan a sus combatientes \u00aben Kupiansk, que fue y siempre ser\u00e1 ucraniana\u00bb.<\/p>\n\n\n\n<p>En otro mensaje, un responsable regional difundi\u00f3 una imagen con soldados ucranianos en la ciudad, de unos 27.000 habitantes, y escribi\u00f3 que \u00abKupiansk es Ucrania\u00bb, consign\u00f3 la agencia de noticias AFP.<\/p>\n\n\n\n<p>Esta localidad hab\u00eda sido capturada por las fuerzas rusas menos de una semana despu\u00e9s de que Mosc\u00fa lanzara su invasi\u00f3n de Ucrania, el 24 de febrero pasado.<\/p>\n\n\n\n<p>Kupiansk es un objetivo estrat\u00e9gico: se halla en medio de una serie de rutas que pueden servir para el abastecimiento para otras posiciones rusas en el frente del este.<\/p>\n\n\n\n<p>Entre estos puntos clave est\u00e1 la ciudad de Izium, que durante los m\u00e1s de seis meses de guerra se convirti\u00f3 en un centro de operaciones crucial para Rusia.<\/p>\n\n\n\n<p>Poco despu\u00e9s, el Kremlin anunci\u00f3 hoy que \u00abreagrupar\u00e1\u00bb a sus soldados que estaban ubicados en Izium y en Balaklia, donde se calcula que antes de la invasi\u00f3n viv\u00edan unas 30.000 personas y que por el momento es la ciudad m\u00e1s grande reconquistada por las tropas ucranianas.<\/p>\n\n\n\n<p>El portavoz oficial del Ministerio de Defensa ruso, Igor Konashenkov, explic\u00f3 que la decisi\u00f3n busca reforzar la presencia militar en la provincia de Donetsk, controlada parcialmente por fuerzas leales a Mosc\u00fa desde 2014.<\/p>\n\n\n\n<p>\u00abSe tom\u00f3 la decisi\u00f3n de reagrupar a las tropas rusas destinadas en las regiones de Balaklia e Izium para mejorar las acciones en direcci\u00f3n a Donetsk y as\u00ed lograr los objetivos declarados de la operaci\u00f3n militar especial para liberar el Donbass\u00bb, apunt\u00f3 el vocero citado por la agencia local TASS, en referencia a la regi\u00f3n del este ucraniano compuesta por las provincias de Donetsk y Lugansk.<\/p>\n\n\n\n<p>Ambas se convirtieron en el centro de las maniobras militares de Rusia tras haber retirado a las tropas de la regi\u00f3n de la norte\u00f1a Kiev, la capital, a fines de marzo.<\/p>\n\n\n\n<p>Ese cambio de estrategia le permiti\u00f3 a Mosc\u00fa avances en el terreno, que ahora se ven amenazados por la contraofensiva ucraniana en el este y sur del pa\u00eds<\/p>\n\n\n\n<p>Un dirigente de la regi\u00f3n separatista prorrusa de Donetsk admiti\u00f3 hoy una situaci\u00f3n \u00abdif\u00edcil\u00bb en esa zona del este de Ucrania.<\/p>\n\n\n\n<p>En un video colgado en Telegram, el dirigente Denis Pushilin, afirma que \u00abla situaci\u00f3n es muy dif\u00edcil\u00bb en Lyman, conquistada a fines de mayo por las tropas rusas, y da parte de combates \u00aben varias otras localidades\u00bb del norte de la autoproclamada \u00abRep\u00fablica Popular\u00bb de Donetsk, reconocida por el Kremlin antes de lanzar la invasi\u00f3n.<\/p>\n\n\n\n<p>\u00abSimplemente estamos obligados a mantenernos el Donbass y lo haremos. Por supuesto, vamos a ganar\u00bb, asegur\u00f3.<\/p>\n\n\n\n<p>Este avance por parte de Ucrania se enmarca en la contraofensiva lanzada por sus fuerzas el pasado 29 de agosto en las provincias de Jerson y Jarkov que les permiti\u00f3 recuperar 30 localidades, seg\u00fan inform\u00f3 ayer el presidente Volodimir Zelenski.<\/p>\n\n\n\n<p>El mandatario dijo hoy que el ej\u00e9rcito ucraniano recuper\u00f3 en septiembre \u00ab2.000 kil\u00f3metros de territorio\u00bb que hab\u00edan ca\u00eddo en manos rusas, sin precisar si se trataban de kil\u00f3metros cuadrados.<\/p>\n\n\n\n<p>\u00abEstos \u00faltimos d\u00edas, el ej\u00e9rcito ruso nos ha mostrado lo mejor que tiene: su espalda. Despu\u00e9s de todo, hizo lo que deb\u00eda: huir\u00bb, a\u00f1adi\u00f3.<\/p>\n\n\n\n<p>Por su parte, Nataliya Gumenyuk, portavoz del mando sur del ej\u00e9rcito ucraniano, dijo hoy a la prensa que las tropas de su pa\u00eds \u00abest\u00e1n avanzando a lo largo del frente del sur en varias secciones, entre dos y varias decenas de kil\u00f3metros\u00bb.<\/p>\n\n\n\n<p>Las miradas siguen puestas tambi\u00e9n en la central nuclear de Zaporiyia, ante el temor de que haya una cat\u00e1strofe por los bombardeos en la zona.<\/p>\n\n\n\n<p>En ese sentido, el presidente franc\u00e9s, Emmanuel Macron, exigi\u00f3 hoy la retirada de las fuerzas rusas que ocupan las instalaciones, tras una llamada a Zelenski.<\/p>\n\n\n\n<p>\u00abLa situaci\u00f3n en torno a la central de Zaporiyia contin\u00faa siendo muy preocupante. Con el presidente Zelenski compartimos la misma exigencia: para garantizar la seguridad y la protecci\u00f3n de las instalaciones nucleares las fuerzas rusas deben retirarse de la zona\u00bb, tuite\u00f3 el mandatario galo.<\/p>\n\n\n\n<p>Durante la conversaci\u00f3n, los mandatarios se\u00f1alaron \u00absu apoyo al trabajo de Organismo Internacional de Energ\u00eda At\u00f3mica (OIEA)\u00bb, que mantiene una misi\u00f3n de inspecci\u00f3n en la central, destac\u00f3 la Presidencia francesa en un comunicado.<\/p>\n\n\n\n<p>\u00abNuestra posici\u00f3n es que la \u00fanica forma de proteger a Europa de una cat\u00e1strofe nuclear es desmilitarizar la planta\u00bb, tuite\u00f3, por su parte, Zelenski, quien se\u00f1al\u00f3 que tambi\u00e9n hablaron sobre el curso de los combates y las restricciones a las visas a ciudadanos rusos en la Uni\u00f3n Europea (UE).<\/p>\n\n\n\n<p>En la v\u00edspera, el OIEA denunci\u00f3 que bombardeos en la ciudad donde se halla la central nuclear ucraniana provocaron un corte de electricidad que compromete \u00abla seguridad de las operaciones\u00bb de la planta.<\/p>\n\n\n\n<p>\u00abEsto es totalmente inaceptable. No puede continuar\u00bb, inst\u00f3 el argentino Rafael Grossi, titular del organismo, quien llam\u00f3 a \u00abcesar inmediatamente los bombardeos en la zona\u00bb, disputada por tropas rusas y ucranianas.<\/p>\n\n\n\n<p>La central nuclear de Zaporiyia, la mayor de Europa, est\u00e1 ocupada por tropas rusas desde marzo y fue blanco en las \u00faltimas semanas de bombardeos que Rusia y Ucrania se imputan mutuamente.<\/p>\n\n\n\n<p>El OIEA reclam\u00f3 esta semana que se instaure una \u00abzona de seguridad\u00bb en torno de la planta y advirti\u00f3 en un informe de 52 p\u00e1ginas que la situaci\u00f3n era \u00abinsostenible\u00bb<\/p>\n","protected":false},"excerpt":{"rendered":"<p>Rusia anunci\u00f3 hoy que decidi\u00f3 \u00abreagrupar\u00bb sus soldados en la provincia ucraniana de Jarkov poco despu\u00e9s de que Ucrania anunciara avances de su contraofensiva en la zona, al reconquistar territorios ocupados desde hace meses por las fuerzas rusas. Las tropas leales a Kiev aseguraron hoy haber entrado en Kupiansk, una localidad que por su conexi\u00f3n &hellip;<\/p>\n","protected":false},"author":2,"featured_media":54196,"comment_status":"open","ping_status":"open","sticky":false,"template":"","format":"standard","meta":{"_jetpack_memberships_contains_paid_content":false,"footnotes":"","jetpack_publicize_message":"","jetpack_publicize_feature_enabled":true,"jetpack_social_post_already_shared":true,"jetpack_social_options":{"image_generator_settings":{"template":"highway","default_image_id":0,"font":"","enabled":false},"version":2}},"categories":[17,3],"tags":[],"class_list":["post-62843","post","type-post","status-publish","format-standard","has-post-thumbnail","hentry","category-mundo","category-sociedad"],"jetpack_publicize_connections":[],"jetpack_featured_media_url":"https:\/\/portalmovil.com.ar\/wp-content\/uploads\/2022\/04\/e4e36fb7-340d-4681-b135-3f2cdb4a18fa.jpg","jetpack_sharing_enabled":true,"amp_enabled":true,"_links":{"self":[{"href":"https:\/\/portalmovil.com.ar\/index.php\/wp-json\/wp\/v2\/posts\/62843","targetHints":{"allow":["GET"]}}],"collection":[{"href":"https:\/\/portalmovil.com.ar\/index.php\/wp-json\/wp\/v2\/posts"}],"about":[{"href":"https:\/\/portalmovil.com.ar\/index.php\/wp-json\/wp\/v2\/types\/post"}],"author":[{"embeddable":true,"href":"https:\/\/portalmovil.com.ar\/index.php\/wp-json\/wp\/v2\/users\/2"}],"replies":[{"embeddable":true,"href":"https:\/\/portalmovil.com.ar\/index.php\/wp-json\/wp\/v2\/comments?post=62843"}],"version-history":[{"count":1,"href":"https:\/\/portalmovil.com.ar\/index.php\/wp-json\/wp\/v2\/posts\/62843\/revisions"}],"predecessor-version":[{"id":62845,"href":"https:\/\/portalmovil.com.ar\/index.php\/wp-json\/wp\/v2\/posts\/62843\/revisions\/62845"}],"wp:featuredmedia":[{"embeddable":true,"href":"https:\/\/portalmovil.com.ar\/index.php\/wp-json\/wp\/v2\/media\/54196"}],"wp:attachment":[{"href":"https:\/\/portalmovil.com.ar\/index.php\/wp-json\/wp\/v2\/media?parent=62843"}],"wp:term":[{"taxonomy":"category","embeddable":true,"href":"https:\/\/portalmovil.com.ar\/index.php\/wp-json\/wp\/v2\/categories?post=62843"},{"taxonomy":"post_tag","embeddable":true,"href":"https:\/\/portalmovil.com.ar\/index.php\/wp-json\/wp\/v2\/tags?post=62843"}],"curies":[{"name":"wp","href":"https:\/\/api.w.org\/{rel}","templated":true}]}}