{"id":6252,"date":"2020-05-11T00:19:33","date_gmt":"2020-05-11T03:19:33","guid":{"rendered":"http:\/\/portalmovil.com.ar\/?p=6252"},"modified":"2020-05-11T00:19:38","modified_gmt":"2020-05-11T03:19:38","slug":"chaco-capitanich-presento-un-plan-de-recuperacion-con-85-mil-millones-de-pesos-de-inversion","status":"publish","type":"post","link":"https:\/\/portalmovil.com.ar\/index.php\/2020\/05\/11\/chaco-capitanich-presento-un-plan-de-recuperacion-con-85-mil-millones-de-pesos-de-inversion\/","title":{"rendered":"CHACO: Capitanich present\u00f3 un plan de recuperaci\u00f3n con 85 mil millones de pesos de inversi\u00f3n"},"content":{"rendered":"\n<p>El gobernador Jorge Capitanich present\u00f3 esta noche el Plan de Recuperaci\u00f3n Econ\u00f3mica, Infraestructura Social B\u00e1sica y Desarrollo Productivo que se implementar\u00e1 en lo inmediato en la provincia del Chaco. En una nueva conferencia de prensa v\u00eda streaming desde Casa de Gobierno, el mandatario provincial sintetiz\u00f3 que el plan de inversiones del Estado provincial para el per\u00edodo 2020-2023 alcanza los 85 mil millones de pesos, propiciando la generaci\u00f3n de 25.000 empleos directos e indirectos y una cobertura previsional equivalente a 10.000 trabajadores.<\/p>\n\n\n\n<p>As\u00ed, discrimin\u00f3 que de este total, unos 65 mil millones de pesos se destinar\u00e1n al plan de ejecuci\u00f3n de obras y los restantes 20 mil millones de pesos para el plan de desarrollo productivo. Del mismo modo, cit\u00f3 45 mil millones de pesos de la renegociaci\u00f3n de la deuda provincial<\/p>\n\n\n\n<p>El plan de recuperaci\u00f3n econ\u00f3mica, de infraestructura y desarrollo productivo integra cadenas de valor, promueve obras de infraestructura y genera un modelo de participaci\u00f3n de los municipios mediante obras locales a partir de un programa de 500 millones de pesos que tiene por finalidad crear empleos. El programa, integralmente concebido, pretende ejecutarse a partir del mes de mayo y durante el segundo semestre del a\u00f1o tendr\u00e1 la mayor intensidad en su implementaci\u00f3n, asegur\u00f3 Capitanich.<\/p>\n\n\n\n<p>Acompa\u00f1ado por el presidente del Nuevo Banco del Chaco, Federico Mu\u00f1oz Femen\u00eda y el ministro de Producci\u00f3n, Industria y Empleo, Sebasti\u00e1n Lifton, detall\u00f3 el contexto econ\u00f3mico, financiero y social en el cual se encuentra la provincia a partir de la pandemia por COVID-19. Por eso, asegur\u00f3 que tanto los ministros Lifton como Juan Manuel Carreras (Infraestructura) ser\u00e1n los encargados de enumerar las obras destacadas a ejecutarse, su financiamiento y la optimizaci\u00f3n de recursos con el \u00fanico objetivo de mitigar el impacto de la crisis.<\/p>\n\n\n\n<p>A su vez, detall\u00f3 el pago del Ingreso Familiar de Emergencia (IFE) que comenzar\u00e1 a hacerse efectivo desde ma\u00f1ana lunes y durante dos semanas en todo el territorio provincial.<\/p>\n\n\n\n<h3 class=\"wp-block-heading\">Fase 4<\/h3>\n\n\n\n<figure class=\"wp-block-image\"><img decoding=\"async\" src=\"http:\/\/agenciafoco.com.ar\/media\/cache\/quality\/uploads\/noticias\/5eb88372d766b583071195.png\" alt=\"\"\/><\/figure>\n\n\n\n<p>El aislamiento social, preventivo y obligatorio ingresa en la fase 4 con un proceso creciente de flexibilizaci\u00f3n de actividades, pero con un sistema de protecci\u00f3n especial a personas que constituyen grupos de riesgo en la provincia. La clasificaci\u00f3n en tres colores, verde, amarillo y rojo determinar\u00e1n los par\u00e1metros de circulaci\u00f3n vial y de las personas a los efectos de evitar la expansi\u00f3n del virus estableciendo rigurosos sistemas de control y fiscalizaci\u00f3n.<\/p>\n\n\n\n<p>En este contexto, la provincia decidi\u00f3 implementar la ejecuci\u00f3n de un programa fiscal destinado a optimizar la recuperaci\u00f3n de ingresos que constituyen cuentas por cobrar para los diversos organismos p\u00fablicos como as\u00ed tambi\u00e9n la consolidaci\u00f3n de deudas con proveedores y contratistas destinados a dinamizar la actividad econ\u00f3mica local.<\/p>\n\n\n\n<figure class=\"wp-block-image\"><img decoding=\"async\" src=\"http:\/\/agenciafoco.com.ar\/media\/cache\/quality\/uploads\/noticias\/5eb8824b39c6d965301157.png\" alt=\"\"\/><\/figure>\n\n\n\n<figure class=\"wp-block-image\"><img decoding=\"async\" src=\"http:\/\/agenciafoco.com.ar\/media\/cache\/quality\/uploads\/noticias\/5eb883a7e8517560528148.png\" alt=\"\"\/><\/figure>\n","protected":false},"excerpt":{"rendered":"<p>El gobernador Jorge Capitanich present\u00f3 esta noche el Plan de Recuperaci\u00f3n Econ\u00f3mica, Infraestructura Social B\u00e1sica y Desarrollo Productivo que se implementar\u00e1 en lo inmediato en la provincia del Chaco. En una nueva conferencia de prensa v\u00eda streaming desde Casa de Gobierno, el mandatario provincial sintetiz\u00f3 que el plan de inversiones del Estado provincial para el &hellip;<\/p>\n","protected":false},"author":2,"featured_media":6253,"comment_status":"open","ping_status":"open","sticky":false,"template":"","format":"standard","meta":{"_jetpack_memberships_contains_paid_content":false,"footnotes":"","jetpack_publicize_message":"","jetpack_publicize_feature_enabled":true,"jetpack_social_post_already_shared":true,"jetpack_social_options":{"image_generator_settings":{"template":"highway","default_image_id":0,"font":"","enabled":false},"version":2}},"categories":[5,12],"tags":[],"class_list":["post-6252","post","type-post","status-publish","format-standard","has-post-thumbnail","hentry","category-chaco","category-ultimo"],"jetpack_publicize_connections":[],"jetpack_featured_media_url":"https:\/\/portalmovil.com.ar\/wp-content\/uploads\/2020\/05\/5eb88339c2a91595939370.jpg","jetpack_sharing_enabled":true,"amp_enabled":true,"_links":{"self":[{"href":"https:\/\/portalmovil.com.ar\/index.php\/wp-json\/wp\/v2\/posts\/6252","targetHints":{"allow":["GET"]}}],"collection":[{"href":"https:\/\/portalmovil.com.ar\/index.php\/wp-json\/wp\/v2\/posts"}],"about":[{"href":"https:\/\/portalmovil.com.ar\/index.php\/wp-json\/wp\/v2\/types\/post"}],"author":[{"embeddable":true,"href":"https:\/\/portalmovil.com.ar\/index.php\/wp-json\/wp\/v2\/users\/2"}],"replies":[{"embeddable":true,"href":"https:\/\/portalmovil.com.ar\/index.php\/wp-json\/wp\/v2\/comments?post=6252"}],"version-history":[{"count":1,"href":"https:\/\/portalmovil.com.ar\/index.php\/wp-json\/wp\/v2\/posts\/6252\/revisions"}],"predecessor-version":[{"id":6254,"href":"https:\/\/portalmovil.com.ar\/index.php\/wp-json\/wp\/v2\/posts\/6252\/revisions\/6254"}],"wp:featuredmedia":[{"embeddable":true,"href":"https:\/\/portalmovil.com.ar\/index.php\/wp-json\/wp\/v2\/media\/6253"}],"wp:attachment":[{"href":"https:\/\/portalmovil.com.ar\/index.php\/wp-json\/wp\/v2\/media?parent=6252"}],"wp:term":[{"taxonomy":"category","embeddable":true,"href":"https:\/\/portalmovil.com.ar\/index.php\/wp-json\/wp\/v2\/categories?post=6252"},{"taxonomy":"post_tag","embeddable":true,"href":"https:\/\/portalmovil.com.ar\/index.php\/wp-json\/wp\/v2\/tags?post=6252"}],"curies":[{"name":"wp","href":"https:\/\/api.w.org\/{rel}","templated":true}]}}