{"id":6212,"date":"2020-05-10T00:36:09","date_gmt":"2020-05-10T03:36:09","guid":{"rendered":"http:\/\/portalmovil.com.ar\/?p=6212"},"modified":"2020-05-10T00:36:13","modified_gmt":"2020-05-10T03:36:13","slug":"cinco-meses-de-gestion-del-plan-para-sacar-al-pais-de-la-recesion-a-la-pandemia","status":"publish","type":"post","link":"https:\/\/portalmovil.com.ar\/index.php\/2020\/05\/10\/cinco-meses-de-gestion-del-plan-para-sacar-al-pais-de-la-recesion-a-la-pandemia\/","title":{"rendered":"Cinco meses de gesti\u00f3n: del plan para sacar al pa\u00eds de la recesi\u00f3n a la pandemia"},"content":{"rendered":"\n<p>El presidente Alberto Fern\u00e1ndez cumple hoy cinco meses de gesti\u00f3n que comenz\u00f3 con un plan para sacar al pa\u00eds de la recesi\u00f3n y la inflaci\u00f3n, con foco en la asistencia a los sectores m\u00e1s vulnerables y pol\u00edticas solidarias y, en poco menos de tres meses, debi\u00f3 dar un golpe de tim\u00f3n para hacer frente a la peor pandemia de la historia mundial reciente.<\/p>\n\n\n\n<p>\u00abMe siento un jugador de ajedrez, jugando 20 partidas simult\u00e1neas. Salto de la deuda a los bonos, de los bonos a la pandemia, de la pandemia a la educaci\u00f3n, de la educaci\u00f3n a los jubilados. Es lo que me toc\u00f3 en suerte\u00bb, dijo el mandatario esta ma\u00f1ana, en una extensa entrevista a la radio FM Futurock, al cumplir ma\u00f1ana cinco meses de gobierno desde que asumi\u00f3 el 10 de diciembre pasado.<\/p>\n\n\n\n<p>Reorientar el Estado hacia los m\u00e1s vulnerables<br>El eje de gesti\u00f3n de los primeros 150 d\u00edas fue el de reorientar el rol del Estado hacia los sectores m\u00e1s vulnerables, casi hundidos por la recesi\u00f3n y la inflaci\u00f3n, con la meta de dise\u00f1ar pol\u00edticas inclusivas.<\/p>\n\n\n\n<p>Esa convicci\u00f3n de un Estado activo le permiti\u00f3, el 11 de marzo, con la declaraci\u00f3n de la pandemia del coronavirus, reaccionar r\u00e1pidamente para empezar a diagramar una red sanitaria nacional para contener la propagaci\u00f3n de la enfermedad, una amenaza latente que dej\u00f3 a un costado las iniciativas en las que ven\u00eda trabajando el gobierno nacional.<\/p>\n\n\n\n<p>Cuando lleg\u00f3 a la Casa Rosada, y desde las ant\u00edpodas del pensamiento de su antecesor Mauricio Macri, comenz\u00f3 a redise\u00f1ar todas las pol\u00edticas para tratar de&nbsp;<strong>favorecer prioritariamente al casi 50% de la poblaci\u00f3n en estado de pobreza<\/strong>.<\/p>\n\n\n\n<figure class=\"wp-block-image\"><img decoding=\"async\" src=\"https:\/\/www.telam.com.ar\/advf\/imagenes\/2020\/05\/5eb1cd49164dd_324x182.jpg\" alt=\"\" title=\"\"\/><\/figure>\n\n\n\n<p>Un eje inevitable de su Gobierno, tal como lo dijo Fern\u00e1ndez al asumir, era la deuda externa. En ese marco, ratific\u00f3 desde el inicio de su gesti\u00f3n que estaba dispuesto a darle una soluci\u00f3n y no a patear el problema para adelante, como su antecesor quien concentr\u00f3 los mayores pagos en el 2020 y 2021.<\/p>\n\n\n\n<p>En el frente interno, Fern\u00e1ndez impuls\u00f3 una relaci\u00f3n institucional din\u00e1mica con los 24 jefes de distritos del pa\u00eds, tanto oficialistas como opositores, a quienes los convoc\u00f3 a establecer un esquema federal de decisiones que se acentu\u00f3 a\u00fan m\u00e1s con la pandemia.<\/p>\n\n\n\n<p>De hecho, lo primero que hizo fue aceptar una propuesta de los gobernadores y el jefe de Gobierno porte\u00f1o de reformar la ley de Consenso Fiscal, para obtener mayor recaudaci\u00f3n para sus alica\u00eddas arcas, carcomidas por la alta inflaci\u00f3n.<\/p>\n\n\n\n<p>La recesi\u00f3n galopante y los n\u00fameros en rojo del Tesoro lo llevaron a proponerle al Parlamento una ley de emergencia para redireccionar la pol\u00edtica econ\u00f3mica y destinar los recursos en favor de los jubilados y las familias de bajos ingresos y de millones de trabajadores informales.<\/p>\n\n\n\n<p>En enero se potenciaron los anuncios del cambio estructural que Fern\u00e1ndez hab\u00eda propuesto en campa\u00f1a: ya estaba en ciernes una quir\u00fargica reforma judicial para democratizar el poder de Comodoro Py, los tribunales utilizados por la pol\u00edtica para dirimir poder.<\/p>\n\n\n\n<p>La cuestionada AFI, la central de Inteligencia, fue intervenida y eliminados sus gastos reservados, sospechados de ir a parar a esp\u00edas de pol\u00edticos y periodistas.<\/p>\n\n\n\n<p>Una gesti\u00f3n con sello igualitario<br>La formula presidencial estuvo equiparada entre un hombre -Fern\u00e1ndez- y una mujer -Cristina Fern\u00e1ndez de Kirchner-, y ese sello igualitario distingui\u00f3 hasta ahora a su gesti\u00f3n y tuvo su punto m\u00e1s alto con la creaci\u00f3n del Ministerio de las Mujeres y la Diversidad.<\/p>\n\n\n\n<figure class=\"wp-block-image\"><img decoding=\"async\" src=\"https:\/\/www.telam.com.ar\/advf\/imagenes\/2020\/05\/5eaf2b1f0c224_324x182.jpg\" alt=\"\" title=\"\"\/><\/figure>\n\n\n\n<p>El tema del aborto y su abordaje institucional, inevitable por parte del Estado, hab\u00eda quedado pendiente de la gesti\u00f3n de Cambiemos, cuando un proyecto de ley en ese sentido fue bloqueado en 2018 por el Senado, tradicional ala conservadora de la pol\u00edtica parlamentaria.<\/p>\n\n\n\n<p>El 1 de marzo, al inaugurar en el Congreso el periodo de sesiones ordinarias, el Presidente anunci\u00f3 el pronto env\u00edo de un proyecto, que qued\u00f3 en carpeta al avanzar en forma explosiva el coronavirus e instalarse como primera prioridad.<\/p>\n\n\n\n<p>La pandemia<br>El presidente Fern\u00e1ndez recogi\u00f3 a tiempo el guante y puso al frente de la emergencia que se ven\u00eda al ministro de Salud, Gin\u00e9s Gonz\u00e1lez Garc\u00eda, quien arm\u00f3 un comit\u00e9 de cient\u00edficos epidemiol\u00f3gicos e infect\u00f3logos -la mayor\u00eda reconocidos mundialmente- que dise\u00f1\u00f3 un&nbsp;<strong>plan integral para estudiar la propagaci\u00f3n del virus y las formas de tratar de contenerlo<\/strong>.<\/p>\n\n\n\n<p>El plan fue bifronte: por un lado, se diagram\u00f3 la ampliaci\u00f3n de la red sanitaria de atenci\u00f3n p\u00fablica y privada en todo el pa\u00eds, concretamente con m\u00e1s camas para internaciones y m\u00e1s personal e insumos: y la otra cara fue el novedoso aislamiento social, preventivo y obligatorio, que paraliz\u00f3 en consecuencia alrededor del 90% de la actividad econ\u00f3mica.<\/p>\n\n\n\n<p>El plan permiti\u00f3 ralentizar la velocidad de la propagaci\u00f3n de contagios y la cuarentena estricta empez\u00f3 a dar resultados para la salud de los argentinos, seg\u00fan las estad\u00edsticas nacionales y comparativas internacionales.<\/p>\n\n\n\n<figure class=\"wp-block-image\"><img decoding=\"async\" src=\"https:\/\/www.telam.com.ar\/advf\/imagenes\/2020\/04\/5e9832a4ac76a_324x182.jpg\" alt=\"\" title=\"\"\/><\/figure>\n\n\n\n<p>Ante la paralizaci\u00f3n de la actividad productiva, ya golpeada por la crisis heredada,&nbsp;<strong>el Gobierno elabor\u00f3 un abanico de medidas que le inyect\u00f3 a la econom\u00eda aproximadamente un 6% del PBI<\/strong>, con medidas destinadas a los monotributistas, los jubilados, los comercios y las grandes empresas privadas.<\/p>\n\n\n\n<p>El lunes comienza una nueva etapa del confinamiento, iniciado el 10 de marzo y extendido hasta el 24 de mayo, \u00absin grandes cambios\u00bb en el \u00c1rea Metropolitana de Buenos Aires (AMBA), pero con algunas excepciones que se analizar\u00e1n para flexibilizar actividades, mientras que el resto del pa\u00eds iniciar\u00e1 la fase 4 de \u00abreapertura progresiva\u00bb.<\/p>\n\n\n\n<p>Como reafirm\u00f3 anoche Fern\u00e1ndez, el objetivo central sigue siendo la salud, pero a la par se viene el apuntalamiento de la reactivaci\u00f3n de la econom\u00eda nacional y, tambi\u00e9n el de afrontar el problema de la deuda.<\/p>\n\n\n\n<p>El Presidente hizo su oferta \u00absostenible\u00bb -con una fuerte quita de intereses y un per\u00edodo de quita de tres a\u00f1os para primero iniciar una etapa de crecimiento- y le tir\u00f3 la pelota a los bonistas tenedores de la deuda que, por ahora, est\u00e1n renuentes a un acuerdo, aunque saben que la pandemia abri\u00f3 un escenario de crisis econ\u00f3mica mundial de caracter\u00edsticas imprevisibles.<\/p>\n\n\n\n<p>Mientras tanto, el pa\u00eds cerr\u00f3 filas detr\u00e1s de la propuesta de restructuraci\u00f3n de la deuda p\u00fablica: recibi\u00f3 el apoyo coincidente de las asociaciones empresariales m\u00e1s importantes; de la CGT, los gobernadores y los intendentes del pa\u00eds.<\/p>\n\n\n\n<p>FUENTE INFORMATIVA: T\u00c9LAM<\/p>\n","protected":false},"excerpt":{"rendered":"<p>El presidente Alberto Fern\u00e1ndez cumple hoy cinco meses de gesti\u00f3n que comenz\u00f3 con un plan para sacar al pa\u00eds de la recesi\u00f3n y la inflaci\u00f3n, con foco en la asistencia a los sectores m\u00e1s vulnerables y pol\u00edticas solidarias y, en poco menos de tres meses, debi\u00f3 dar un golpe de tim\u00f3n para hacer frente a &hellip;<\/p>\n","protected":false},"author":2,"featured_media":6213,"comment_status":"open","ping_status":"open","sticky":false,"template":"","format":"standard","meta":{"_jetpack_memberships_contains_paid_content":false,"footnotes":"","jetpack_publicize_message":"","jetpack_publicize_feature_enabled":true,"jetpack_social_post_already_shared":true,"jetpack_social_options":{"image_generator_settings":{"template":"highway","default_image_id":0,"font":"","enabled":false},"version":2}},"categories":[28,12],"tags":[],"class_list":["post-6212","post","type-post","status-publish","format-standard","has-post-thumbnail","hentry","category-actualidad","category-ultimo"],"jetpack_publicize_connections":[],"jetpack_featured_media_url":"https:\/\/portalmovil.com.ar\/wp-content\/uploads\/2020\/05\/5eb6fd591e190_1004x565.jpg","jetpack_sharing_enabled":true,"amp_enabled":true,"_links":{"self":[{"href":"https:\/\/portalmovil.com.ar\/index.php\/wp-json\/wp\/v2\/posts\/6212","targetHints":{"allow":["GET"]}}],"collection":[{"href":"https:\/\/portalmovil.com.ar\/index.php\/wp-json\/wp\/v2\/posts"}],"about":[{"href":"https:\/\/portalmovil.com.ar\/index.php\/wp-json\/wp\/v2\/types\/post"}],"author":[{"embeddable":true,"href":"https:\/\/portalmovil.com.ar\/index.php\/wp-json\/wp\/v2\/users\/2"}],"replies":[{"embeddable":true,"href":"https:\/\/portalmovil.com.ar\/index.php\/wp-json\/wp\/v2\/comments?post=6212"}],"version-history":[{"count":1,"href":"https:\/\/portalmovil.com.ar\/index.php\/wp-json\/wp\/v2\/posts\/6212\/revisions"}],"predecessor-version":[{"id":6214,"href":"https:\/\/portalmovil.com.ar\/index.php\/wp-json\/wp\/v2\/posts\/6212\/revisions\/6214"}],"wp:featuredmedia":[{"embeddable":true,"href":"https:\/\/portalmovil.com.ar\/index.php\/wp-json\/wp\/v2\/media\/6213"}],"wp:attachment":[{"href":"https:\/\/portalmovil.com.ar\/index.php\/wp-json\/wp\/v2\/media?parent=6212"}],"wp:term":[{"taxonomy":"category","embeddable":true,"href":"https:\/\/portalmovil.com.ar\/index.php\/wp-json\/wp\/v2\/categories?post=6212"},{"taxonomy":"post_tag","embeddable":true,"href":"https:\/\/portalmovil.com.ar\/index.php\/wp-json\/wp\/v2\/tags?post=6212"}],"curies":[{"name":"wp","href":"https:\/\/api.w.org\/{rel}","templated":true}]}}