{"id":62097,"date":"2022-08-30T11:28:36","date_gmt":"2022-08-30T14:28:36","guid":{"rendered":"https:\/\/portalmovil.com.ar\/?p=62097"},"modified":"2022-08-30T13:37:29","modified_gmt":"2022-08-30T16:37:29","slug":"los-dd-hh-no-vamos-a-permitir-que-condenen-a-cristina-kirchner","status":"publish","type":"post","link":"https:\/\/portalmovil.com.ar\/index.php\/2022\/08\/30\/los-dd-hh-no-vamos-a-permitir-que-condenen-a-cristina-kirchner\/","title":{"rendered":"Los DD.HH: \u00abNo vamos a permitir que condenen\u00bb a Cristina Kirchner"},"content":{"rendered":"\n<p>La presidenta de Abuelas de Plaza de Mayo, Estela de Carlotto, se reuni\u00f3 hoy con la vicepresidenta Cristina Fern\u00e1ndez de Kirchner, tras lo cual afirm\u00f3 que no se debe permitir que la \u00abcondenen\u00bb en el juicio conocido como \u00abVialidad\u00bb y asever\u00f3 que la justicia persigue a la titular del Senado por ser \u00abmujer\u00bb.<\/p>\n\n\n\n<p><strong>\u00abNo vamos a permitir que la condenen. La justicia que tenemos hay que cambiarla. Hay gente que est\u00e1 enquistada en algo del mal. Est\u00e1 probado\u00bb, asegur\u00f3 Carlotto en declaraciones a la prensa en la puerta de la C\u00e1mara alta luego de reunirse con Fern\u00e1ndez de Kirchner en su despacho.<\/strong><\/p>\n\n\n\n<p>La titular de Abuelas agreg\u00f3 que \u00ablos que no quieren que tengamos un mejor pa\u00eds son los que provocan esta situaci\u00f3n con una mujer que gobern\u00f3 tantos a\u00f1os con tanto m\u00e9rito\u00bb.<\/p>\n\n\n\n<p>\u00abHoy nos recibi\u00f3. Habl\u00f3 much\u00edsimo. Cont\u00f3 lo que pasa, por qu\u00e9 pasa, como habr\u00eda que modificarlo y qu\u00e9 sentido tiene lo que le hacen. Ella dice que es porque es mujer\u00bb, enumer\u00f3.<\/p>\n\n\n\n<p>Para la defensora de los derechos humanos, \u00abal fiscal (Diego Luciani) le pagan para que diga lo que dice y \u00e9l lo hace y esta vez, porque es mujer y es una mujer muy valiosa\u00bb.<\/p>\n\n\n\n<p><strong>\u00abTenemos que trabajar para que los que son muy, muy ricos no sean los que nos dominen. Necesitamos que todos coman todos los d\u00edas\u00bb, afirm\u00f3.<\/strong><\/p>\n\n\n\n<p>Estela de Carlotto calific\u00f3 a la vicepresidenta \u00abcomo una hija\u00bb y asever\u00f3 que \u00ablas mujeres que tenemos esta edad estuvimos mim\u00e1ndola\u00bb.<\/p>\n\n\n\n<p><strong>Sobre la movilizaci\u00f3n del s\u00e1bado pasado donde la polic\u00eda local reprimi\u00f3 a militantes que iban a apoyar a a la expresidenta, a\u00f1adi\u00f3 que \u00abel pueblo est\u00e1 con ella\u00bb y enfatiz\u00f3 que \u00ablos j\u00f3venes sobre todo, sin bander\u00eda, la apoyan y no levantan ning\u00fan estandarte para identificarse\u00bb.<\/strong><\/p>\n\n\n\n<p>La titular de Abuelas cuestion\u00f3 que \u00abdesde que este personaje de la justicia (por Luciani) la quiere condenar a doce a\u00f1os de prisi\u00f3n es como matarla en vida\u00bb.<\/p>\n","protected":false},"excerpt":{"rendered":"<p>La presidenta de Abuelas de Plaza de Mayo, Estela de Carlotto, se reuni\u00f3 hoy con la vicepresidenta Cristina Fern\u00e1ndez de Kirchner, tras lo cual afirm\u00f3 que no se debe permitir que la \u00abcondenen\u00bb en el juicio conocido como \u00abVialidad\u00bb y asever\u00f3 que la justicia persigue a la titular del Senado por ser \u00abmujer\u00bb. \u00abNo vamos &hellip;<\/p>\n","protected":false},"author":2,"featured_media":48697,"comment_status":"open","ping_status":"open","sticky":false,"template":"","format":"standard","meta":{"_jetpack_memberships_contains_paid_content":false,"footnotes":"","jetpack_publicize_message":"","jetpack_publicize_feature_enabled":true,"jetpack_social_post_already_shared":true,"jetpack_social_options":{"image_generator_settings":{"template":"highway","default_image_id":0,"font":"","enabled":false},"version":2}},"categories":[639,14],"tags":[],"class_list":["post-62097","post","type-post","status-publish","format-standard","has-post-thumbnail","hentry","category-argentina","category-politica"],"jetpack_publicize_connections":[],"jetpack_featured_media_url":"https:\/\/portalmovil.com.ar\/wp-content\/uploads\/2022\/01\/Acto-Cristina-Kirchner-CFK-en-Arsenal-lanzamiento-Unidad-Ciudadana-AE-1920-21.jpg","jetpack_sharing_enabled":true,"amp_enabled":true,"_links":{"self":[{"href":"https:\/\/portalmovil.com.ar\/index.php\/wp-json\/wp\/v2\/posts\/62097","targetHints":{"allow":["GET"]}}],"collection":[{"href":"https:\/\/portalmovil.com.ar\/index.php\/wp-json\/wp\/v2\/posts"}],"about":[{"href":"https:\/\/portalmovil.com.ar\/index.php\/wp-json\/wp\/v2\/types\/post"}],"author":[{"embeddable":true,"href":"https:\/\/portalmovil.com.ar\/index.php\/wp-json\/wp\/v2\/users\/2"}],"replies":[{"embeddable":true,"href":"https:\/\/portalmovil.com.ar\/index.php\/wp-json\/wp\/v2\/comments?post=62097"}],"version-history":[{"count":1,"href":"https:\/\/portalmovil.com.ar\/index.php\/wp-json\/wp\/v2\/posts\/62097\/revisions"}],"predecessor-version":[{"id":62098,"href":"https:\/\/portalmovil.com.ar\/index.php\/wp-json\/wp\/v2\/posts\/62097\/revisions\/62098"}],"wp:featuredmedia":[{"embeddable":true,"href":"https:\/\/portalmovil.com.ar\/index.php\/wp-json\/wp\/v2\/media\/48697"}],"wp:attachment":[{"href":"https:\/\/portalmovil.com.ar\/index.php\/wp-json\/wp\/v2\/media?parent=62097"}],"wp:term":[{"taxonomy":"category","embeddable":true,"href":"https:\/\/portalmovil.com.ar\/index.php\/wp-json\/wp\/v2\/categories?post=62097"},{"taxonomy":"post_tag","embeddable":true,"href":"https:\/\/portalmovil.com.ar\/index.php\/wp-json\/wp\/v2\/tags?post=62097"}],"curies":[{"name":"wp","href":"https:\/\/api.w.org\/{rel}","templated":true}]}}