{"id":62052,"date":"2022-08-29T11:50:30","date_gmt":"2022-08-29T14:50:30","guid":{"rendered":"https:\/\/portalmovil.com.ar\/?p=62052"},"modified":"2022-08-29T11:50:31","modified_gmt":"2022-08-29T14:50:31","slug":"la-nasa-cancelo-el-lanzamiento-de-la-mision-a-la-luna-por-un-problema-en-el-motor","status":"publish","type":"post","link":"https:\/\/portalmovil.com.ar\/index.php\/2022\/08\/29\/la-nasa-cancelo-el-lanzamiento-de-la-mision-a-la-luna-por-un-problema-en-el-motor\/","title":{"rendered":"La Nasa cancel\u00f3 el lanzamiento de la misi\u00f3n a la Luna por un problema en el motor"},"content":{"rendered":"\n<p>El lanzamiento a la Luna del cohete de la misi\u00f3n Artemis I, el m\u00e1s poderoso jam\u00e1s construido, que ten\u00eda previsto realizarse este lunes desde Cabo Ca\u00f1averal, en Florida, fue cancelado por problemas en un motor, inform\u00f3 la NASA.<\/p>\n\n\n\n<p>\u00abEl lanzamiento de #Artemis I ya no se llevar\u00e1 a cabo hoy en d\u00eda, ya que los equipos est\u00e1n trabajando en un problema con una purga del motor\u00bb, inform\u00f3 la agencia estadounidense a trav\u00e9s de su cuenta de Twitter.<\/p>\n\n\n\n<p>\u00abLos equipos continuar\u00e1n recopilando datos y los mantendremos informados sobre el momento del pr\u00f3ximo intento de lanzamiento\u00bb, se a\u00f1adi\u00f3.<\/p>\n\n\n\n<figure class=\"wp-block-embed is-type-rich is-provider-twitter wp-block-embed-twitter\"><div class=\"wp-block-embed__wrapper\">\n<div class=\"embed-twitter\"><blockquote class=\"twitter-tweet\" data-width=\"500\" data-dnt=\"true\"><p lang=\"es\" dir=\"ltr\">El lanzamiento de <a href=\"https:\/\/twitter.com\/hashtag\/Artemis?src=hash&amp;ref_src=twsrc%5Etfw\">#Artemis<\/a> I ya no se realizar\u00e1 hoy, ya que los equipos est\u00e1n trabajando en un problema de sangrado del motor. Los equipos seguir\u00e1n recopilando datos y los mantendremos informados sobre el pr\u00f3ximo intento de lanzamiento. <a href=\"https:\/\/t.co\/hgv9Fe1QRC\">https:\/\/t.co\/hgv9Fe1QRC<\/a><\/p>&mdash; NASA en espa\u00f1ol (@NASA_es) <a href=\"https:\/\/twitter.com\/NASA_es\/status\/1564234721701363713?ref_src=twsrc%5Etfw\">August 29, 2022<\/a><\/blockquote><script async src=\"https:\/\/platform.twitter.com\/widgets.js\" charset=\"utf-8\"><\/script><\/div>\n<\/div><\/figure>\n","protected":false},"excerpt":{"rendered":"<p>El lanzamiento a la Luna del cohete de la misi\u00f3n Artemis I, el m\u00e1s poderoso jam\u00e1s construido, que ten\u00eda previsto realizarse este lunes desde Cabo Ca\u00f1averal, en Florida, fue cancelado por problemas en un motor, inform\u00f3 la NASA. \u00abEl lanzamiento de #Artemis I ya no se llevar\u00e1 a cabo hoy en d\u00eda, ya que los &hellip;<\/p>\n","protected":false},"author":2,"featured_media":62053,"comment_status":"open","ping_status":"open","sticky":false,"template":"","format":"standard","meta":{"_jetpack_memberships_contains_paid_content":false,"footnotes":"","jetpack_publicize_message":"","jetpack_publicize_feature_enabled":true,"jetpack_social_post_already_shared":true,"jetpack_social_options":{"image_generator_settings":{"template":"highway","default_image_id":0,"font":"","enabled":false},"version":2}},"categories":[17,12],"tags":[],"class_list":["post-62052","post","type-post","status-publish","format-standard","has-post-thumbnail","hentry","category-mundo","category-ultimo"],"jetpack_publicize_connections":[],"jetpack_featured_media_url":"https:\/\/portalmovil.com.ar\/wp-content\/uploads\/2022\/08\/27d84239-df70-4b4d-bc58-109dd6ce74b7.jpg","jetpack_sharing_enabled":true,"amp_enabled":true,"_links":{"self":[{"href":"https:\/\/portalmovil.com.ar\/index.php\/wp-json\/wp\/v2\/posts\/62052","targetHints":{"allow":["GET"]}}],"collection":[{"href":"https:\/\/portalmovil.com.ar\/index.php\/wp-json\/wp\/v2\/posts"}],"about":[{"href":"https:\/\/portalmovil.com.ar\/index.php\/wp-json\/wp\/v2\/types\/post"}],"author":[{"embeddable":true,"href":"https:\/\/portalmovil.com.ar\/index.php\/wp-json\/wp\/v2\/users\/2"}],"replies":[{"embeddable":true,"href":"https:\/\/portalmovil.com.ar\/index.php\/wp-json\/wp\/v2\/comments?post=62052"}],"version-history":[{"count":1,"href":"https:\/\/portalmovil.com.ar\/index.php\/wp-json\/wp\/v2\/posts\/62052\/revisions"}],"predecessor-version":[{"id":62054,"href":"https:\/\/portalmovil.com.ar\/index.php\/wp-json\/wp\/v2\/posts\/62052\/revisions\/62054"}],"wp:featuredmedia":[{"embeddable":true,"href":"https:\/\/portalmovil.com.ar\/index.php\/wp-json\/wp\/v2\/media\/62053"}],"wp:attachment":[{"href":"https:\/\/portalmovil.com.ar\/index.php\/wp-json\/wp\/v2\/media?parent=62052"}],"wp:term":[{"taxonomy":"category","embeddable":true,"href":"https:\/\/portalmovil.com.ar\/index.php\/wp-json\/wp\/v2\/categories?post=62052"},{"taxonomy":"post_tag","embeddable":true,"href":"https:\/\/portalmovil.com.ar\/index.php\/wp-json\/wp\/v2\/tags?post=62052"}],"curies":[{"name":"wp","href":"https:\/\/api.w.org\/{rel}","templated":true}]}}