{"id":61730,"date":"2022-08-22T22:30:17","date_gmt":"2022-08-23T01:30:17","guid":{"rendered":"https:\/\/portalmovil.com.ar\/?p=61730"},"modified":"2022-08-22T22:30:20","modified_gmt":"2022-08-23T01:30:20","slug":"operativos-de-abordaje-integral-de-la-salud-en-barranqueras","status":"publish","type":"post","link":"https:\/\/portalmovil.com.ar\/index.php\/2022\/08\/22\/operativos-de-abordaje-integral-de-la-salud-en-barranqueras\/","title":{"rendered":"Operativos de abordaje integral de la salud, en Barranqueras"},"content":{"rendered":"\n<p>Luego de una reuni\u00f3n que mantuvo la intendente Magda Ayala con la ministra de Salud de la provincia Carolina Centeno d\u00edas anteriores, se concretaron la ejecuci\u00f3n de dos operativos en la ciudad portuaria.<\/p>\n\n\n\n<p>Los cuales, se van a desarrollar de 9 a 15 horas, el d\u00eda martes 23 en el Paseo Urbano Sur ubicado en Av. Edison, entre calle Sauce y Yatay, y el d\u00eda 24 de agosto el equipo se traslada al espacio verde detr\u00e1s del Centro de Salud \u00abJos\u00e9 F. Cusolito\u00bb (por calle Belgrano), barrio La Toma.<\/p>\n\n\n\n<p>En cada espacio de prevenci\u00f3n, atenci\u00f3n y promoci\u00f3n de la salud, se contar\u00e1 con profesionales en medicina cl\u00ednica, pedi\u00e1trica, salud mental, odontolog\u00eda, enfermer\u00eda, trabajo social, laboratorio, vacunaci\u00f3n, centro de atenci\u00f3n a v\u00edctimas de violencias.<\/p>\n\n\n\n<p>\u00abEl principal objetivo de cada operativo que gestionamos es poder acercarnos a los vecinos. Trabajamos junto con el Gobierno Provincial para ser un Estado presente, que escucha y brinda soluciones a la comunidad. En este sentido el cuidado de su salud siempre fue una prioridad\u00bb detall\u00f3 la intendente Magda Ayala.<\/p>\n","protected":false},"excerpt":{"rendered":"<p>Luego de una reuni\u00f3n que mantuvo la intendente Magda Ayala con la ministra de Salud de la provincia Carolina Centeno d\u00edas anteriores, se concretaron la ejecuci\u00f3n de dos operativos en la ciudad portuaria. Los cuales, se van a desarrollar de 9 a 15 horas, el d\u00eda martes 23 en el Paseo Urbano Sur ubicado en &hellip;<\/p>\n","protected":false},"author":2,"featured_media":61731,"comment_status":"open","ping_status":"open","sticky":false,"template":"","format":"standard","meta":{"_jetpack_memberships_contains_paid_content":false,"footnotes":"","jetpack_publicize_message":"","jetpack_publicize_feature_enabled":true,"jetpack_social_post_already_shared":true,"jetpack_social_options":{"image_generator_settings":{"template":"highway","default_image_id":0,"font":"","enabled":false},"version":2}},"categories":[28,5],"tags":[],"class_list":["post-61730","post","type-post","status-publish","format-standard","has-post-thumbnail","hentry","category-actualidad","category-chaco"],"jetpack_publicize_connections":[],"jetpack_featured_media_url":"https:\/\/portalmovil.com.ar\/wp-content\/uploads\/2022\/08\/IMG-20220822-WA0069.jpg","jetpack_sharing_enabled":true,"amp_enabled":true,"_links":{"self":[{"href":"https:\/\/portalmovil.com.ar\/index.php\/wp-json\/wp\/v2\/posts\/61730","targetHints":{"allow":["GET"]}}],"collection":[{"href":"https:\/\/portalmovil.com.ar\/index.php\/wp-json\/wp\/v2\/posts"}],"about":[{"href":"https:\/\/portalmovil.com.ar\/index.php\/wp-json\/wp\/v2\/types\/post"}],"author":[{"embeddable":true,"href":"https:\/\/portalmovil.com.ar\/index.php\/wp-json\/wp\/v2\/users\/2"}],"replies":[{"embeddable":true,"href":"https:\/\/portalmovil.com.ar\/index.php\/wp-json\/wp\/v2\/comments?post=61730"}],"version-history":[{"count":1,"href":"https:\/\/portalmovil.com.ar\/index.php\/wp-json\/wp\/v2\/posts\/61730\/revisions"}],"predecessor-version":[{"id":61732,"href":"https:\/\/portalmovil.com.ar\/index.php\/wp-json\/wp\/v2\/posts\/61730\/revisions\/61732"}],"wp:featuredmedia":[{"embeddable":true,"href":"https:\/\/portalmovil.com.ar\/index.php\/wp-json\/wp\/v2\/media\/61731"}],"wp:attachment":[{"href":"https:\/\/portalmovil.com.ar\/index.php\/wp-json\/wp\/v2\/media?parent=61730"}],"wp:term":[{"taxonomy":"category","embeddable":true,"href":"https:\/\/portalmovil.com.ar\/index.php\/wp-json\/wp\/v2\/categories?post=61730"},{"taxonomy":"post_tag","embeddable":true,"href":"https:\/\/portalmovil.com.ar\/index.php\/wp-json\/wp\/v2\/tags?post=61730"}],"curies":[{"name":"wp","href":"https:\/\/api.w.org\/{rel}","templated":true}]}}