{"id":61422,"date":"2022-08-16T16:01:24","date_gmt":"2022-08-16T19:01:24","guid":{"rendered":"https:\/\/portalmovil.com.ar\/?p=61422"},"modified":"2022-08-16T16:01:25","modified_gmt":"2022-08-16T19:01:25","slug":"tarjeta-cabal-se-suma-a-los-descuentos-en-farmacias-y-supermercados","status":"publish","type":"post","link":"https:\/\/portalmovil.com.ar\/index.php\/2022\/08\/16\/tarjeta-cabal-se-suma-a-los-descuentos-en-farmacias-y-supermercados\/","title":{"rendered":"Tarjeta Cabal se suma a los descuentos en farmacias y supermercados"},"content":{"rendered":"\n<p>El gobernador Jorge Capitanich suscribi\u00f3 un convenio en la ma\u00f1ana de este martes con autoridades del Banco Credicoop, encabezadas por su presidente, Carlos Heller, que permita sumar Tarjeta Cabal al 30% de descuento en farmacias los d\u00edas martes, y el 50% de descuento los d\u00edas mi\u00e9rcoles en supermercados.<\/p>\n\n\n\n<p>\u201cHoy tenemos cerca de 100 mil transacciones por mes, con un alto nivel de impacto en el ingreso promedio de las familias chaque\u00f1as\u201d, dijo el mandatario sobre la importancia del beneficio que actualmente instrumenta el Nuevo Banco del Chaco.<\/p>\n\n\n\n<p>\u201cEsto significa fomentar el consumo en los comercios locales y promover la generaci\u00f3n de empleos que mejoran la calidad de vida de todas y todos\u201d, destac\u00f3.<\/p>\n","protected":false},"excerpt":{"rendered":"<p>El gobernador Jorge Capitanich suscribi\u00f3 un convenio en la ma\u00f1ana de este martes con autoridades del Banco Credicoop, encabezadas por su presidente, Carlos Heller, que permita sumar Tarjeta Cabal al 30% de descuento en farmacias los d\u00edas martes, y el 50% de descuento los d\u00edas mi\u00e9rcoles en supermercados. \u201cHoy tenemos cerca de 100 mil transacciones &hellip;<\/p>\n","protected":false},"author":2,"featured_media":61423,"comment_status":"open","ping_status":"open","sticky":false,"template":"","format":"standard","meta":{"_jetpack_memberships_contains_paid_content":false,"footnotes":"","jetpack_publicize_message":"","jetpack_publicize_feature_enabled":true,"jetpack_social_post_already_shared":true,"jetpack_social_options":{"image_generator_settings":{"template":"highway","default_image_id":0,"font":"","enabled":false},"version":2}},"categories":[5,14],"tags":[],"class_list":["post-61422","post","type-post","status-publish","format-standard","has-post-thumbnail","hentry","category-chaco","category-politica"],"jetpack_publicize_connections":[],"jetpack_featured_media_url":"https:\/\/portalmovil.com.ar\/wp-content\/uploads\/2022\/08\/62fbbb44649a8666752131.jpg","jetpack_sharing_enabled":true,"amp_enabled":true,"_links":{"self":[{"href":"https:\/\/portalmovil.com.ar\/index.php\/wp-json\/wp\/v2\/posts\/61422","targetHints":{"allow":["GET"]}}],"collection":[{"href":"https:\/\/portalmovil.com.ar\/index.php\/wp-json\/wp\/v2\/posts"}],"about":[{"href":"https:\/\/portalmovil.com.ar\/index.php\/wp-json\/wp\/v2\/types\/post"}],"author":[{"embeddable":true,"href":"https:\/\/portalmovil.com.ar\/index.php\/wp-json\/wp\/v2\/users\/2"}],"replies":[{"embeddable":true,"href":"https:\/\/portalmovil.com.ar\/index.php\/wp-json\/wp\/v2\/comments?post=61422"}],"version-history":[{"count":1,"href":"https:\/\/portalmovil.com.ar\/index.php\/wp-json\/wp\/v2\/posts\/61422\/revisions"}],"predecessor-version":[{"id":61424,"href":"https:\/\/portalmovil.com.ar\/index.php\/wp-json\/wp\/v2\/posts\/61422\/revisions\/61424"}],"wp:featuredmedia":[{"embeddable":true,"href":"https:\/\/portalmovil.com.ar\/index.php\/wp-json\/wp\/v2\/media\/61423"}],"wp:attachment":[{"href":"https:\/\/portalmovil.com.ar\/index.php\/wp-json\/wp\/v2\/media?parent=61422"}],"wp:term":[{"taxonomy":"category","embeddable":true,"href":"https:\/\/portalmovil.com.ar\/index.php\/wp-json\/wp\/v2\/categories?post=61422"},{"taxonomy":"post_tag","embeddable":true,"href":"https:\/\/portalmovil.com.ar\/index.php\/wp-json\/wp\/v2\/tags?post=61422"}],"curies":[{"name":"wp","href":"https:\/\/api.w.org\/{rel}","templated":true}]}}