{"id":6109,"date":"2020-05-07T10:33:58","date_gmt":"2020-05-07T13:33:58","guid":{"rendered":"http:\/\/portalmovil.com.ar\/?p=6109"},"modified":"2020-05-07T10:34:03","modified_gmt":"2020-05-07T13:34:03","slug":"trotta-confirmo-que-las-clases-normales-no-volveran-hasta-que-no-haya-una-vacuna-contra-el-coronavirus","status":"publish","type":"post","link":"https:\/\/portalmovil.com.ar\/index.php\/2020\/05\/07\/trotta-confirmo-que-las-clases-normales-no-volveran-hasta-que-no-haya-una-vacuna-contra-el-coronavirus\/","title":{"rendered":"Trotta confirm\u00f3 que las clases \u201cnormales\u201d no volver\u00e1n hasta que no haya una vacuna contra el coronavirus"},"content":{"rendered":"\n<p>El ministro de Educaci\u00f3n,\u00a0Nicol\u00e1s Trotta, se refiri\u00f3 al regreso a clases de manera presencial y afirm\u00f3 que\u00a0\u00abno van a poder volver todos los estudiantes hasta que no se encuentre una vacuna al coronavirus\u00bb.<\/p>\n\n\n\n<p>En di\u00e1logo con<strong><em>\u00a0El Destape Radio<\/em><\/strong>, el funcionario admiti\u00f3 que \u00abno hay posibilidad de que vuelvan las clases en el corto plazo\u00bb y que, cuando se concrete el regreso, \u00abno se volver\u00e1 igual que en marzo\u00bb. En este sentido, dijo que\u00a0\u00abse va a priorizar la vuelta de los que est\u00e1n terminando un ciclo de s\u00e9ptimo o quinto o los que est\u00e1n empezando la alfabetizaci\u00f3n\u00bb.<\/p>\n\n\n\n<p>El ministro asegur\u00f3 que\u00a0\u00ablos saberes que no logremos garantizar en el 2020\u00a0los tendremos que recuperar en 2021\u00bb y, con respecto a la eliminaci\u00f3n de d\u00edas de vacaciones, dijo que \u00absi seguimos en esta forma de educaci\u00f3n a distancia, considero que\u00a0tiene que haber d\u00edas de vacaciones\u00bb.<\/p>\n\n\n\n<p>\u00abLa vuelta a clases escalonada es una alternativa muy posible\u00bb, sostuvo el ministro y cont\u00f3 que desde el Gobierno se est\u00e1 trabajando en los protocolos de c\u00f3mo van a ser los ingresos a las escuelas, los distanciamientos, entre otras cosas.<\/p>\n\n\n\n<p>En cuanto a los problemas con las calificaciones a los estudiantes, Trotta consider\u00f3 que \u00aben este momento m\u00e1s que calificar tenemos que evaluar los procesos y varias provincias est\u00e1n trabajando en eso\u00bb:\u00a0\u00abSi pusi\u00e9ramos hoy una nota a un ni\u00f1o o una ni\u00f1a, estar\u00edamos evaluando la situaci\u00f3n socio econ\u00f3mica\u00a0y no el aprendizaje\u00bb.\u00a0<\/p>\n","protected":false},"excerpt":{"rendered":"<p>El ministro de Educaci\u00f3n,\u00a0Nicol\u00e1s Trotta, se refiri\u00f3 al regreso a clases de manera presencial y afirm\u00f3 que\u00a0\u00abno van a poder volver todos los estudiantes hasta que no se encuentre una vacuna al coronavirus\u00bb. En di\u00e1logo con\u00a0El Destape Radio, el funcionario admiti\u00f3 que \u00abno hay posibilidad de que vuelvan las clases en el corto plazo\u00bb y &hellip;<\/p>\n","protected":false},"author":2,"featured_media":6110,"comment_status":"open","ping_status":"open","sticky":false,"template":"","format":"standard","meta":{"_jetpack_memberships_contains_paid_content":false,"footnotes":"","jetpack_publicize_message":"","jetpack_publicize_feature_enabled":true,"jetpack_social_post_already_shared":true,"jetpack_social_options":{"image_generator_settings":{"template":"highway","default_image_id":0,"font":"","enabled":false},"version":2}},"categories":[12],"tags":[],"class_list":["post-6109","post","type-post","status-publish","format-standard","has-post-thumbnail","hentry","category-ultimo"],"jetpack_publicize_connections":[],"jetpack_featured_media_url":"https:\/\/portalmovil.com.ar\/wp-content\/uploads\/2020\/05\/unnamed-2.jpg","jetpack_sharing_enabled":true,"amp_enabled":true,"_links":{"self":[{"href":"https:\/\/portalmovil.com.ar\/index.php\/wp-json\/wp\/v2\/posts\/6109","targetHints":{"allow":["GET"]}}],"collection":[{"href":"https:\/\/portalmovil.com.ar\/index.php\/wp-json\/wp\/v2\/posts"}],"about":[{"href":"https:\/\/portalmovil.com.ar\/index.php\/wp-json\/wp\/v2\/types\/post"}],"author":[{"embeddable":true,"href":"https:\/\/portalmovil.com.ar\/index.php\/wp-json\/wp\/v2\/users\/2"}],"replies":[{"embeddable":true,"href":"https:\/\/portalmovil.com.ar\/index.php\/wp-json\/wp\/v2\/comments?post=6109"}],"version-history":[{"count":1,"href":"https:\/\/portalmovil.com.ar\/index.php\/wp-json\/wp\/v2\/posts\/6109\/revisions"}],"predecessor-version":[{"id":6111,"href":"https:\/\/portalmovil.com.ar\/index.php\/wp-json\/wp\/v2\/posts\/6109\/revisions\/6111"}],"wp:featuredmedia":[{"embeddable":true,"href":"https:\/\/portalmovil.com.ar\/index.php\/wp-json\/wp\/v2\/media\/6110"}],"wp:attachment":[{"href":"https:\/\/portalmovil.com.ar\/index.php\/wp-json\/wp\/v2\/media?parent=6109"}],"wp:term":[{"taxonomy":"category","embeddable":true,"href":"https:\/\/portalmovil.com.ar\/index.php\/wp-json\/wp\/v2\/categories?post=6109"},{"taxonomy":"post_tag","embeddable":true,"href":"https:\/\/portalmovil.com.ar\/index.php\/wp-json\/wp\/v2\/tags?post=6109"}],"curies":[{"name":"wp","href":"https:\/\/api.w.org\/{rel}","templated":true}]}}