{"id":60807,"date":"2022-08-04T20:08:28","date_gmt":"2022-08-04T23:08:28","guid":{"rendered":"https:\/\/portalmovil.com.ar\/?p=60807"},"modified":"2022-08-04T20:08:33","modified_gmt":"2022-08-04T23:08:33","slug":"tras-las-lluvias-se-instala-el-frio-en-el-gran-resistencia","status":"publish","type":"post","link":"https:\/\/portalmovil.com.ar\/index.php\/2022\/08\/04\/tras-las-lluvias-se-instala-el-frio-en-el-gran-resistencia\/","title":{"rendered":"Tras las lluvias, se instala el fr\u00edo en el Gran Resistencia"},"content":{"rendered":"\n<p>El Servicio Meteorol\u00f3gico Nacional (SMN) pronostica jornadas fr\u00edas en el Gran Resistencia tras las lluvias que tuvieron lugar entre este mi\u00e9rcoles y jueves.<\/p>\n\n\n\n<p>As\u00ed, para la noche de este jueves se espera un cielo totalmente cubierto con temperatura que rondar\u00e1 en los 13 grados y viento sureste.<\/p>\n\n\n\n<p>Para este viernes 5 (m\u00ednima 7, m\u00e1xima 20) se espera neblina en la madrugada y ma\u00f1ana, y cielo algo nublado en la tarde y noche; mientras que el s\u00e1bado (m\u00ednima 9, m\u00e1xima 20) se prev\u00e9 cielo algo nublado en la madrugada, mayormente nublado en la ma\u00f1ana y tarde, y algo nublado en la noche.<\/p>\n\n\n\n<p>Luego, el domingo 7 (m\u00ednima 10, m\u00e1xima 23) se espera cielo parcialmente nublado en la madrugada y ma\u00f1ana, y mayormente nublado en la tarde y noche; mientras que tanto el lunes 8 (m\u00ednima 13, m\u00e1xima 19) como el martes 9 (m\u00ednima 7, m\u00e1xima 18) se espera cielo mayormente nublado en la totalidad de las jornadas.<\/p>\n\n\n\n<p>Finalmente, el mi\u00e9rcoles 10 (m\u00ednima 9, m\u00e1xima 20) se espera cielo parcialmente nublado durante toda la jornada.<\/p>\n","protected":false},"excerpt":{"rendered":"<p>El Servicio Meteorol\u00f3gico Nacional (SMN) pronostica jornadas fr\u00edas en el Gran Resistencia tras las lluvias que tuvieron lugar entre este mi\u00e9rcoles y jueves. As\u00ed, para la noche de este jueves se espera un cielo totalmente cubierto con temperatura que rondar\u00e1 en los 13 grados y viento sureste. Para este viernes 5 (m\u00ednima 7, m\u00e1xima 20) &hellip;<\/p>\n","protected":false},"author":2,"featured_media":60808,"comment_status":"open","ping_status":"open","sticky":false,"template":"","format":"standard","meta":{"_jetpack_memberships_contains_paid_content":false,"footnotes":"","jetpack_publicize_message":"","jetpack_publicize_feature_enabled":true,"jetpack_social_post_already_shared":true,"jetpack_social_options":{"image_generator_settings":{"template":"highway","default_image_id":0,"font":"","enabled":false},"version":2}},"categories":[28,5],"tags":[],"class_list":["post-60807","post","type-post","status-publish","format-standard","has-post-thumbnail","hentry","category-actualidad","category-chaco"],"jetpack_publicize_connections":[],"jetpack_featured_media_url":"https:\/\/portalmovil.com.ar\/wp-content\/uploads\/2022\/08\/ba0a6471-5719-4d25-b5d6-957e0e121729.jpg","jetpack_sharing_enabled":true,"amp_enabled":true,"_links":{"self":[{"href":"https:\/\/portalmovil.com.ar\/index.php\/wp-json\/wp\/v2\/posts\/60807","targetHints":{"allow":["GET"]}}],"collection":[{"href":"https:\/\/portalmovil.com.ar\/index.php\/wp-json\/wp\/v2\/posts"}],"about":[{"href":"https:\/\/portalmovil.com.ar\/index.php\/wp-json\/wp\/v2\/types\/post"}],"author":[{"embeddable":true,"href":"https:\/\/portalmovil.com.ar\/index.php\/wp-json\/wp\/v2\/users\/2"}],"replies":[{"embeddable":true,"href":"https:\/\/portalmovil.com.ar\/index.php\/wp-json\/wp\/v2\/comments?post=60807"}],"version-history":[{"count":1,"href":"https:\/\/portalmovil.com.ar\/index.php\/wp-json\/wp\/v2\/posts\/60807\/revisions"}],"predecessor-version":[{"id":60809,"href":"https:\/\/portalmovil.com.ar\/index.php\/wp-json\/wp\/v2\/posts\/60807\/revisions\/60809"}],"wp:featuredmedia":[{"embeddable":true,"href":"https:\/\/portalmovil.com.ar\/index.php\/wp-json\/wp\/v2\/media\/60808"}],"wp:attachment":[{"href":"https:\/\/portalmovil.com.ar\/index.php\/wp-json\/wp\/v2\/media?parent=60807"}],"wp:term":[{"taxonomy":"category","embeddable":true,"href":"https:\/\/portalmovil.com.ar\/index.php\/wp-json\/wp\/v2\/categories?post=60807"},{"taxonomy":"post_tag","embeddable":true,"href":"https:\/\/portalmovil.com.ar\/index.php\/wp-json\/wp\/v2\/tags?post=60807"}],"curies":[{"name":"wp","href":"https:\/\/api.w.org\/{rel}","templated":true}]}}