{"id":6055,"date":"2020-05-06T10:12:18","date_gmt":"2020-05-06T13:12:18","guid":{"rendered":"http:\/\/portalmovil.com.ar\/?p=6055"},"modified":"2020-05-06T10:12:23","modified_gmt":"2020-05-06T13:12:23","slug":"barranqueras-se-habilitaron-las-obras-de-ampliacion-del-hospital-eva-peron","status":"publish","type":"post","link":"https:\/\/portalmovil.com.ar\/index.php\/2020\/05\/06\/barranqueras-se-habilitaron-las-obras-de-ampliacion-del-hospital-eva-peron\/","title":{"rendered":"BARRANQUERAS: Se habilitaron las obras de ampliaci\u00f3n del Hospital \u00abEva Per\u00f3n\u00bb"},"content":{"rendered":"\n<p>El gobernador Jorge Capitanich habilit\u00f3 en la ma\u00f1ana de hoy las obras de ampliaci\u00f3n del Hospital Eva Per\u00f3n de la ciudad de Barranqueras las cuales demandaron una inversi\u00f3n superior a los 28 millones de pesos. Estas obras permitir\u00e1n mejorar la capacidad de atenci\u00f3n de dicho en el marco de la emergencia sanitaria provocada por la pandemia por el virus COVID \u2013 19 y adem\u00e1s descongestionar la demanda que actualmente presenta el Hospital Perrando.<\/p>\n\n\n\n<p>El gobernador, quien estuvo acompa\u00f1ado de la intendenta de la localidad, Magdalena Ayala; la vicegobernadora Anal\u00eda Rach Quiroga y miembros del gabinete provincial, destac\u00f3 que estas obras se hab\u00edan iniciado en el 2016 pero que posteriormente fueron paralizadas. \u201cEn 40 d\u00edas reactivamos esta ampliaci\u00f3n y refacci\u00f3n para mejorar la capacidad instalada del hospital\u201d, asever\u00f3. Detall\u00f3 que las tareas contin\u00faan ya que se avanza con la refacci\u00f3n integral del nosocomio.<\/p>\n\n\n\n<p>En el sector de quir\u00f3fanos se construy\u00f3 un nuevo hall de acceso, espacio de transferencia, sanitarios con vestidores y duchas; estar de enfermeros y m\u00e9dicos, dep\u00f3sito de insumos, sala de m\u00e1quina y dos salas de cirug\u00eda. En la planta general del hospital se ampliaron los consultorios externos y la unidad de hemoterapia.<\/p>\n\n\n\n<p>Adem\u00e1s contin\u00faan los trabajos en los sectores del dep\u00f3sito de farmacia, la morgue y la guardia de emergencias, que se ser\u00e1n habilitados en una segunda etapa. En total significan casi 1100 metros cuadrados de nueva infraestructura que se ejecuta.<\/p>\n\n\n\n<p>El mandatario chaque\u00f1o mencion\u00f3 que&nbsp;estas acciones del gobierno provincial forman parte de una estrategia de fortalecimiento institucional del sistema sanitario frente a la pandemia por COVID \u2013 19. \u201cEn los hospitales hay que atender a personas con COVID y quienes no est\u00e1n infectadas con el virus, y cuando tengamos un incremento de los pacientes es necesario tener una capacidad de atenci\u00f3n distribuida\u201d, dijo.<\/p>\n","protected":false},"excerpt":{"rendered":"<p>El gobernador Jorge Capitanich habilit\u00f3 en la ma\u00f1ana de hoy las obras de ampliaci\u00f3n del Hospital Eva Per\u00f3n de la ciudad de Barranqueras las cuales demandaron una inversi\u00f3n superior a los 28 millones de pesos. Estas obras permitir\u00e1n mejorar la capacidad de atenci\u00f3n de dicho en el marco de la emergencia sanitaria provocada por la &hellip;<\/p>\n","protected":false},"author":2,"featured_media":6056,"comment_status":"open","ping_status":"open","sticky":false,"template":"","format":"standard","meta":{"_jetpack_memberships_contains_paid_content":false,"footnotes":"","jetpack_publicize_message":"","jetpack_publicize_feature_enabled":true,"jetpack_social_post_already_shared":true,"jetpack_social_options":{"image_generator_settings":{"template":"highway","default_image_id":0,"font":"","enabled":false},"version":2}},"categories":[42,46],"tags":[],"class_list":["post-6055","post","type-post","status-publish","format-standard","has-post-thumbnail","hentry","category-interior","category-salud"],"jetpack_publicize_connections":[],"jetpack_featured_media_url":"https:\/\/portalmovil.com.ar\/wp-content\/uploads\/2020\/05\/AMPLIACION-DEL-HOSPITAL-PERON.jpg","jetpack_sharing_enabled":true,"amp_enabled":true,"_links":{"self":[{"href":"https:\/\/portalmovil.com.ar\/index.php\/wp-json\/wp\/v2\/posts\/6055","targetHints":{"allow":["GET"]}}],"collection":[{"href":"https:\/\/portalmovil.com.ar\/index.php\/wp-json\/wp\/v2\/posts"}],"about":[{"href":"https:\/\/portalmovil.com.ar\/index.php\/wp-json\/wp\/v2\/types\/post"}],"author":[{"embeddable":true,"href":"https:\/\/portalmovil.com.ar\/index.php\/wp-json\/wp\/v2\/users\/2"}],"replies":[{"embeddable":true,"href":"https:\/\/portalmovil.com.ar\/index.php\/wp-json\/wp\/v2\/comments?post=6055"}],"version-history":[{"count":1,"href":"https:\/\/portalmovil.com.ar\/index.php\/wp-json\/wp\/v2\/posts\/6055\/revisions"}],"predecessor-version":[{"id":6057,"href":"https:\/\/portalmovil.com.ar\/index.php\/wp-json\/wp\/v2\/posts\/6055\/revisions\/6057"}],"wp:featuredmedia":[{"embeddable":true,"href":"https:\/\/portalmovil.com.ar\/index.php\/wp-json\/wp\/v2\/media\/6056"}],"wp:attachment":[{"href":"https:\/\/portalmovil.com.ar\/index.php\/wp-json\/wp\/v2\/media?parent=6055"}],"wp:term":[{"taxonomy":"category","embeddable":true,"href":"https:\/\/portalmovil.com.ar\/index.php\/wp-json\/wp\/v2\/categories?post=6055"},{"taxonomy":"post_tag","embeddable":true,"href":"https:\/\/portalmovil.com.ar\/index.php\/wp-json\/wp\/v2\/tags?post=6055"}],"curies":[{"name":"wp","href":"https:\/\/api.w.org\/{rel}","templated":true}]}}