{"id":60526,"date":"2022-07-31T15:16:02","date_gmt":"2022-07-31T18:16:02","guid":{"rendered":"https:\/\/portalmovil.com.ar\/?p=60526"},"modified":"2022-07-31T19:08:19","modified_gmt":"2022-07-31T22:08:19","slug":"la-justicia-correntina-inicia-el-juicio-a-una-mujer-por-realizarse-un-aborto","status":"publish","type":"post","link":"https:\/\/portalmovil.com.ar\/index.php\/2022\/07\/31\/la-justicia-correntina-inicia-el-juicio-a-una-mujer-por-realizarse-un-aborto\/","title":{"rendered":"La Justicia correntina inicia el juicio a una mujer por realizarse un aborto"},"content":{"rendered":"\n<p>Una mujer de 30 a\u00f1os y madre de dos hijos que est\u00e1 presa hace ocho meses ser\u00e1 juzgada a partir de ma\u00f1ana en la localidad correntina de Goya, acusada de homicidio agravado por el v\u00ednculo y alevos\u00eda, tras tener un aborto espont\u00e1neo en su casa de la localidad de Esquina y de hallarse el feto enterrado en el patio familiar.<\/p>\n\n\n\n<p>La defensa sostiene que la mujer \u00absufri\u00f3 un parto domiciliario de un feto muerto\u00bb y asegura que se est\u00e1 \u00abcriminalizando un evento obst\u00e9trico\u00bb.<\/p>\n\n\n\n<p>\u00abLa Justicia es muy dura cuando la imputada es una mujer, la criminaliza, especialmente cuando est\u00e1 en estado de vulnerabilidad y se trata de mujeres pobres\u00bb, dijo a T\u00e9lam la abogada Natalia \u00c1valos, representante de Ana.<\/p>\n\n\n\n<p>En este sentido se\u00f1al\u00f3 que en estos casos \u00abse revierte el principio de inocencia\u00bb y \u00abno tienen acceso a la justicia\u00bb.<\/p>\n\n\n\n<p>\u00abPedimos el cese de la prisi\u00f3n preventiva y nos negaron, solicitamos la prisi\u00f3n domiciliaria y tambi\u00e9n nos fue negada con el argumento que podr\u00eda haber un intento de fuga\u00bb, cuestion\u00f3.<\/p>\n\n\n\n<p>En este sentido, fundament\u00f3 que \u00abno tiene recursos para fugarse, ser\u00eda imposible, es de condici\u00f3n muy humilde y nunca si quiera, ha salido de la provincia\u00bb,<\/p>\n\n\n\n<p>\u00abElla hac\u00eda habitualmente trabajos de limpieza, cuidaba a sus hijos y hermanitos y los fines de semana hac\u00eda junto a su mam\u00e1, comida casera para vender. No tiene recursos para planificar una fuga, ni la intenci\u00f3n\u00bb, remarc\u00f3 la letrada.<\/p>\n\n\n\n<p>Los hechos que sucedieron la noche del 10 de noviembre, cuando Ana tuvo un aborto involuntario en su casa, situaci\u00f3n que su familia desconoc\u00eda y d\u00edas despu\u00e9s el feto fue hallado semienterrado en patio sin sus miembros superiores y parte de los inferiores, informaron fuentes judiciales.<\/p>\n\n\n\n<p>Tras el hallazgo, fue detenida y est\u00e1 alojada desde el pasado mes de noviembre en la Comisar\u00eda de la Mujer de Esquina.<\/p>\n\n\n\n<p>Su abogada sostiene que \u00abAna estuvo en shock, muy afectada y no recuerda lo que pas\u00f3 esa noche\u00bb.<\/p>\n\n\n\n<p>A\u00f1adi\u00f3 que \u00abestuvo muy mal, depresiva y con diversas crisis\u00bb y que ahora \u00abest\u00e1 mejor, porque conseguimos asistencia psicol\u00f3gica, no aportada por el Estado, sino una particular que se debe pagar\u00bb.<\/p>\n\n\n\n<p>La abogada sostiene que el \u00abfeto fue expulsado muerto\u00bb y que no hay pruebas de lo contrario y sostiene que la autopsia ordenada por la Fiscal\u00eda, tampoco concluy\u00f3 que haya nacido con vida.<\/p>\n\n\n\n<p>\u00abSe revierte el principio de inocencia, ante una leve sospecha, las mujeres deben probar que son inocentes\u00bb, expres\u00f3 \u00c1valos en declaraciones a T\u00e9lam.<\/p>\n\n\n\n<p>Sobre el juicio, que comenzar\u00e1 el lunes y se extender\u00e1 hasta el viernes 5 de agosto, la abogada defensora dijo tener \u00abla esperanza de que la justicia reaccione, porque Ana es inocente de todo lo que se la acusa, la estigmatizaron\u00bb.<\/p>\n\n\n\n<p>Finalmente, destac\u00f3 especialmente el apoyo de diferentes colectivos de mujeres, como de la Campa\u00f1a Nacional de Derecho al Aborto y Libres Las Queremos.<\/p>\n\n\n\n<p>Por su parte, Gladys Ferreyra, madre de Ana, dijo en di\u00e1logo con T\u00e9lam que \u00e9stos \u00abson d\u00edas de mucho miedo, angustia y ansiedad, pero tenemos la esperanza de que todo salga bien\u00bb<\/p>\n\n\n\n<p>\u00abLo que m\u00e1s quiero en la vida es traer a mi hija de vuelta a casa\u00bb, dijo la mujer que hace ocho meses cuida tambi\u00e9n de los hijos de Ana, una ni\u00f1a de 11 a\u00f1os y un var\u00f3n de 6 a\u00f1os que \u00abno tienen mucha dimensi\u00f3n de lo que est\u00e1 pasando\u00bb.<\/p>\n\n\n\n<p>Lament\u00f3, adem\u00e1s que \u00abla justicia, no le haya concedido la prisi\u00f3n domiciliaria, teniendo dos hijos peque\u00f1os. Eso fue para nosotros un dolor muy grande, sobre todo cuando vemos que hay casos grav\u00edsimos en Esquina, de hombres que la obtuvieron\u00bb.<\/p>\n\n\n\n<p>Sobre la acusaci\u00f3n y el encierro de su hija, manifest\u00f3 que \u00abeste ha sido un tiempo dif\u00edcil para la familia, en Esquina tuvimos momentos de mucha angustia y dolor, pero tambi\u00e9n sentimos el apoyo de mucha gente\u00bb.<\/p>\n\n\n\n<p>\u00abEn el barrio tuvimos el acompa\u00f1amiento de los vecinos que ve\u00edan como Ana cuidaba a sus hijos; de colectivos feministas, de Libres Las Queremos, que estuvieron siempre presentes\u00bb, agradeci\u00f3 Gladys.<\/p>\n\n\n\n<p>Dice que en estos meses visit\u00f3 a su hija en la Comisar\u00eda una infinidad de veces y que generalmente la encuentra \u00abmuy angustiada\u00bb.<\/p>\n\n\n\n<p>\u00abSe pone mal, no recuerda que pas\u00f3 esa noche, estuvo en shock, intentamos contenerla, ahora tiene una psic\u00f3loga y eso la ayuda\u00bb, cont\u00f3.<\/p>\n\n\n\n<p>\u00abMi mayor deseo es cumplir mis 50 a\u00f1os con Ana a mi lado\u00bb, concluy\u00f3 Gladis Ferreyra sobre el fallo del Tribunal Oral Penal de Goya, integrado por los jueces Ricardo Diego Carbajal, Jorge Antonio Carbone y Julio \u00c1ngel Duarte, que se conocer\u00e1 el viernes 5 de agosto.<\/p>\n","protected":false},"excerpt":{"rendered":"<p>Una mujer de 30 a\u00f1os y madre de dos hijos que est\u00e1 presa hace ocho meses ser\u00e1 juzgada a partir de ma\u00f1ana en la localidad correntina de Goya, acusada de homicidio agravado por el v\u00ednculo y alevos\u00eda, tras tener un aborto espont\u00e1neo en su casa de la localidad de Esquina y de hallarse el feto &hellip;<\/p>\n","protected":false},"author":2,"featured_media":60529,"comment_status":"open","ping_status":"open","sticky":false,"template":"","format":"standard","meta":{"_jetpack_memberships_contains_paid_content":false,"footnotes":"","jetpack_publicize_message":"","jetpack_publicize_feature_enabled":true,"jetpack_social_post_already_shared":true,"jetpack_social_options":{"image_generator_settings":{"template":"highway","default_image_id":0,"font":"","enabled":false},"version":2}},"categories":[639,50],"tags":[],"class_list":["post-60526","post","type-post","status-publish","format-standard","has-post-thumbnail","hentry","category-argentina","category-judiciales"],"jetpack_publicize_connections":[],"jetpack_featured_media_url":"https:\/\/portalmovil.com.ar\/wp-content\/uploads\/2022\/07\/110966f8-ddd0-4254-8d1a-a601ffd10e90.jpg","jetpack_sharing_enabled":true,"amp_enabled":true,"_links":{"self":[{"href":"https:\/\/portalmovil.com.ar\/index.php\/wp-json\/wp\/v2\/posts\/60526","targetHints":{"allow":["GET"]}}],"collection":[{"href":"https:\/\/portalmovil.com.ar\/index.php\/wp-json\/wp\/v2\/posts"}],"about":[{"href":"https:\/\/portalmovil.com.ar\/index.php\/wp-json\/wp\/v2\/types\/post"}],"author":[{"embeddable":true,"href":"https:\/\/portalmovil.com.ar\/index.php\/wp-json\/wp\/v2\/users\/2"}],"replies":[{"embeddable":true,"href":"https:\/\/portalmovil.com.ar\/index.php\/wp-json\/wp\/v2\/comments?post=60526"}],"version-history":[{"count":1,"href":"https:\/\/portalmovil.com.ar\/index.php\/wp-json\/wp\/v2\/posts\/60526\/revisions"}],"predecessor-version":[{"id":60528,"href":"https:\/\/portalmovil.com.ar\/index.php\/wp-json\/wp\/v2\/posts\/60526\/revisions\/60528"}],"wp:featuredmedia":[{"embeddable":true,"href":"https:\/\/portalmovil.com.ar\/index.php\/wp-json\/wp\/v2\/media\/60529"}],"wp:attachment":[{"href":"https:\/\/portalmovil.com.ar\/index.php\/wp-json\/wp\/v2\/media?parent=60526"}],"wp:term":[{"taxonomy":"category","embeddable":true,"href":"https:\/\/portalmovil.com.ar\/index.php\/wp-json\/wp\/v2\/categories?post=60526"},{"taxonomy":"post_tag","embeddable":true,"href":"https:\/\/portalmovil.com.ar\/index.php\/wp-json\/wp\/v2\/tags?post=60526"}],"curies":[{"name":"wp","href":"https:\/\/api.w.org\/{rel}","templated":true}]}}