{"id":6046,"date":"2020-05-06T09:26:38","date_gmt":"2020-05-06T12:26:38","guid":{"rendered":"http:\/\/portalmovil.com.ar\/?p=6046"},"modified":"2020-05-06T09:26:42","modified_gmt":"2020-05-06T12:26:42","slug":"chaco-capitanich-destaco-el-trabajo-de-la-comision-laboral-de-emergencia-sanitaria","status":"publish","type":"post","link":"https:\/\/portalmovil.com.ar\/index.php\/2020\/05\/06\/chaco-capitanich-destaco-el-trabajo-de-la-comision-laboral-de-emergencia-sanitaria\/","title":{"rendered":"CHACO: Capitanich destac\u00f3 el trabajo de la Comisi\u00f3n Laboral de Emergencia Sanitaria"},"content":{"rendered":"\n<p>El gobernador\u00a0Jorge Capitanich\u00a0encabez\u00f3 esta tarde junto al ministro de Gobierno y Trabajo,\u00a0Juan Manuel Chapo, una reuni\u00f3n con la Comisi\u00f3n Laboral de Emergencia Sanitaria (CLES) que ya lleva realizadas cerca de 200 inspecciones en su cuarta semana de trabajo en toda la provincia.<\/p>\n\n\n\n<p>El mandatario felicit\u00f3 a los integrantes por el trabajo realizado tanto en el \u00e1rea metropolitana como en el interior, para hacer cumplir los protocolos de bioseguridad requeridos en el contexto de la pandemia por Covid-19.<\/p>\n\n\n\n<p>Esta comisi\u00f3n est\u00e1 compuesta por inspectores de la Direcci\u00f3n Provincial del Trabajo (DPT), referentes del Ministerio de Gobierno y Trabajo, del Ministerio de Salud de la provincia, del Ministerio de Producci\u00f3n e Industria, del Ministerio de Salud, referentes de gremios de actividades esenciales y un legislador por bloque mayoritario y otro por el minoritario.<\/p>\n\n\n\n<p>\u201cYa tenemos el 97% de los requerimientos cumplidos y es una tarea que est\u00e1n llevando con mucha responsabilidad, porque es importante cumplir con los protocolos de bioseguridad, con el objetivo de proteger a las y los trabajadores\u201d, dijo el gobernador.<\/p>\n\n\n\n<p>Adem\u00e1s adelant\u00f3 que desde el gobierno provincial se est\u00e1 elaborando un nuevo instrumento legal que incorporar\u00e1 nuevas actividades a partir del 10 de mayo con distintas caracter\u00edsticas, que implicar\u00e1n flexibilizaci\u00f3n pero continuando con limitaciones en cuanto a movilidad y circulaci\u00f3n.<\/p>\n\n\n\n<p>Parte de esa elaboraci\u00f3n tiene que ver con promover dentro del \u00e1mbito estatal una serie de regulaciones en cuanto a horarios y turnos rotativos para evitar la aglomeraci\u00f3n de personas y manteniendo siempre las distancias recomendadas.<\/p>\n\n\n\n<p>El ministro Juan Manuel Chapo destac\u00f3 el trabajo durante estas cuatro semanas que viene ejecutando la comisi\u00f3n junto a los gremios que forman parte de las actividades esenciales, sobre todo en materia de inspecciones en Resistencia, \u00e1rea metropolitana y el interior de la provincia.<\/p>\n\n\n\n<p>\u201cHay que resaltar el trabajo que realiza la Direcci\u00f3n Provincial del Trabajo, los gremios que aportan sus controles laborales y la labor de todo el equipo de la comisi\u00f3n porque nuestro objetivo es cuidar la salud de las y los trabajadores\u201d, remarc\u00f3.<\/p>\n\n\n\n<h3 class=\"wp-block-heading\">REFACCIONES EN LA DIRECCI\u00d3N PROVINCIAL DE TRABAJO<\/h3>\n\n\n\n<p>Chapo agradeci\u00f3 la decisi\u00f3n del gobernador de poder iniciar las obras de refacci\u00f3n de la Direcci\u00f3n Provincial de Trabajo, que implicar\u00e1n 7 millones de pesos en infraestructura y 2 millones de pesos de equipos inform\u00e1ticos y mobiliarios. \u201cLo parad\u00f3jico de ello es que desde la Direcci\u00f3n se encargaban de hacer cumplir la ley para que otros trabajadores de otros lugares tengan condiciones \u00f3ptimas de trabajo y ellos no lo ten\u00edan en sus lugares de trabajo, lo cual marca el perfil que le estamos dando a la gesti\u00f3n\u201d, valor\u00f3 el funcionario.<\/p>\n\n\n\n<p>Participaron de la reuni\u00f3n junto al gobernador y al ministro el diputado provincial por el Frente Chaque\u00f1o, Nicol\u00e1s Slimel; el subsecretario de Trabajo, Daniel Mart\u00ednez; el director a cargo de la Direcci\u00f3n Provincial de Trabajo (DPT) Marcelo Torrente; el subsecretario de Acceso a la Salud, Cristian Mart\u00ednez Rojo; el director de Emergencias M\u00e9dicas, Nicol\u00e1s Ivancovich; referentes de la Direcci\u00f3n Provincial de Trabajo y de la Direcci\u00f3n de Enfermer\u00eda; representantes sindicales y gremiales.<\/p>\n","protected":false},"excerpt":{"rendered":"<p>El gobernador\u00a0Jorge Capitanich\u00a0encabez\u00f3 esta tarde junto al ministro de Gobierno y Trabajo,\u00a0Juan Manuel Chapo, una reuni\u00f3n con la Comisi\u00f3n Laboral de Emergencia Sanitaria (CLES) que ya lleva realizadas cerca de 200 inspecciones en su cuarta semana de trabajo en toda la provincia. El mandatario felicit\u00f3 a los integrantes por el trabajo realizado tanto en el &hellip;<\/p>\n","protected":false},"author":2,"featured_media":6047,"comment_status":"open","ping_status":"open","sticky":false,"template":"","format":"standard","meta":{"_jetpack_memberships_contains_paid_content":false,"footnotes":"","jetpack_publicize_message":"","jetpack_publicize_feature_enabled":true,"jetpack_social_post_already_shared":true,"jetpack_social_options":{"image_generator_settings":{"template":"highway","default_image_id":0,"font":"","enabled":false},"version":2}},"categories":[5,14,12],"tags":[],"class_list":["post-6046","post","type-post","status-publish","format-standard","has-post-thumbnail","hentry","category-chaco","category-politica","category-ultimo"],"jetpack_publicize_connections":[],"jetpack_featured_media_url":"https:\/\/portalmovil.com.ar\/wp-content\/uploads\/2020\/05\/926729ab-c971-4fcb-aeb1-3e7e8db85917.jpg","jetpack_sharing_enabled":true,"amp_enabled":true,"_links":{"self":[{"href":"https:\/\/portalmovil.com.ar\/index.php\/wp-json\/wp\/v2\/posts\/6046","targetHints":{"allow":["GET"]}}],"collection":[{"href":"https:\/\/portalmovil.com.ar\/index.php\/wp-json\/wp\/v2\/posts"}],"about":[{"href":"https:\/\/portalmovil.com.ar\/index.php\/wp-json\/wp\/v2\/types\/post"}],"author":[{"embeddable":true,"href":"https:\/\/portalmovil.com.ar\/index.php\/wp-json\/wp\/v2\/users\/2"}],"replies":[{"embeddable":true,"href":"https:\/\/portalmovil.com.ar\/index.php\/wp-json\/wp\/v2\/comments?post=6046"}],"version-history":[{"count":1,"href":"https:\/\/portalmovil.com.ar\/index.php\/wp-json\/wp\/v2\/posts\/6046\/revisions"}],"predecessor-version":[{"id":6048,"href":"https:\/\/portalmovil.com.ar\/index.php\/wp-json\/wp\/v2\/posts\/6046\/revisions\/6048"}],"wp:featuredmedia":[{"embeddable":true,"href":"https:\/\/portalmovil.com.ar\/index.php\/wp-json\/wp\/v2\/media\/6047"}],"wp:attachment":[{"href":"https:\/\/portalmovil.com.ar\/index.php\/wp-json\/wp\/v2\/media?parent=6046"}],"wp:term":[{"taxonomy":"category","embeddable":true,"href":"https:\/\/portalmovil.com.ar\/index.php\/wp-json\/wp\/v2\/categories?post=6046"},{"taxonomy":"post_tag","embeddable":true,"href":"https:\/\/portalmovil.com.ar\/index.php\/wp-json\/wp\/v2\/tags?post=6046"}],"curies":[{"name":"wp","href":"https:\/\/api.w.org\/{rel}","templated":true}]}}