{"id":60430,"date":"2022-07-29T18:43:30","date_gmt":"2022-07-29T21:43:30","guid":{"rendered":"https:\/\/portalmovil.com.ar\/?p=60430"},"modified":"2022-07-29T18:43:33","modified_gmt":"2022-07-29T21:43:33","slug":"vacaciones-de-invierno-en-resistencia-las-propuestas-del-fin-de-semana","status":"publish","type":"post","link":"https:\/\/portalmovil.com.ar\/index.php\/2022\/07\/29\/vacaciones-de-invierno-en-resistencia-las-propuestas-del-fin-de-semana\/","title":{"rendered":"\u201cVacaciones de invierno en Resistencia\u201d: las propuestas del fin de semana"},"content":{"rendered":"\n<p>Las actividades de \u201cVacaciones de Invierno en Resistencia\u201d contin\u00faan este fin de semana con m\u00e1s eventos recreativos totalmente gratuitos en distintos puntos de la ciudad y para toda la familia. Esta iniciativa por parte del municipio, est\u00e1 dada para promover el disfrute al aire libre de vecinos y vecinas, movilizar el emprendedurismo y la econom\u00eda local.<\/p>\n\n\n\n<p><strong>S\u00e1bado 30 de julio<\/strong><\/p>\n\n\n\n<p>En el Play\u00f3n del Domo del Centenario desde las habr\u00e1 gastronom\u00eda y cerveceros locales con el acompa\u00f1amiento de DJs en vivo. Tambi\u00e9n se podr\u00e1 disfrutar del Espacio de los Escultores \u201cFabriciano G\u00f3mez\u201d, la exposici\u00f3n de las esculturas de la Bienal 2022.<\/p>\n\n\n\n<p><strong>Domingo 31 de julio<\/strong><\/p>\n\n\n\n<p>En el Parque de la Democracia, desde las 15, Mercados de la Ciudad con exposici\u00f3n y venta de productos elaborados por emprendedores locales. De 15 a 19, lectura de cuentos e intercambio de libros para ni\u00f1os y ni\u00f1as. A las 15:30, show de \u201cChaque el Circo\u201d y \u201cPaya Sonrisas\u201d y a las 18, actuaci\u00f3n del grupo folcl\u00f3rico Quinan. A las 16, Posta del Sol con el DJ Kevin Guillard en avenida Sarmiento y colectora de la Ruta Nacional 16.<\/p>\n\n\n\n<p><strong>Bici botes, s\u00e1bado y domingo<\/strong><\/p>\n\n\n\n<p>De 9 a 12 y desde las 14 hasta las 18:30 horas, en las lagunas Francia (avenida Italia casi Rissione), Arg\u00fcello (avenida Paraguay al 800) y Laguna Seitor (Juan D. Per\u00f3n y Fray Bertaca).<\/p>\n\n\n\n<figure class=\"wp-block-image\"><img decoding=\"async\" src=\"http:\/\/agenciafoco.com.ar\/media\/cache\/quality\/uploads\/noticias\/62e44bdec687c838906383.jpeg\" alt=\"\"\/><\/figure>\n","protected":false},"excerpt":{"rendered":"<p>Las actividades de \u201cVacaciones de Invierno en Resistencia\u201d contin\u00faan este fin de semana con m\u00e1s eventos recreativos totalmente gratuitos en distintos puntos de la ciudad y para toda la familia. Esta iniciativa por parte del municipio, est\u00e1 dada para promover el disfrute al aire libre de vecinos y vecinas, movilizar el emprendedurismo y la econom\u00eda &hellip;<\/p>\n","protected":false},"author":2,"featured_media":60431,"comment_status":"open","ping_status":"open","sticky":false,"template":"","format":"standard","meta":{"_jetpack_memberships_contains_paid_content":false,"footnotes":"","jetpack_publicize_message":"","jetpack_publicize_feature_enabled":true,"jetpack_social_post_already_shared":true,"jetpack_social_options":{"image_generator_settings":{"template":"highway","default_image_id":0,"font":"","enabled":false},"version":2}},"categories":[37,3],"tags":[],"class_list":["post-60430","post","type-post","status-publish","format-standard","has-post-thumbnail","hentry","category-resistencia","category-sociedad"],"jetpack_publicize_connections":[],"jetpack_featured_media_url":"https:\/\/portalmovil.com.ar\/wp-content\/uploads\/2022\/07\/62e44bdec47d2445791192.jpg","jetpack_sharing_enabled":true,"amp_enabled":true,"_links":{"self":[{"href":"https:\/\/portalmovil.com.ar\/index.php\/wp-json\/wp\/v2\/posts\/60430","targetHints":{"allow":["GET"]}}],"collection":[{"href":"https:\/\/portalmovil.com.ar\/index.php\/wp-json\/wp\/v2\/posts"}],"about":[{"href":"https:\/\/portalmovil.com.ar\/index.php\/wp-json\/wp\/v2\/types\/post"}],"author":[{"embeddable":true,"href":"https:\/\/portalmovil.com.ar\/index.php\/wp-json\/wp\/v2\/users\/2"}],"replies":[{"embeddable":true,"href":"https:\/\/portalmovil.com.ar\/index.php\/wp-json\/wp\/v2\/comments?post=60430"}],"version-history":[{"count":1,"href":"https:\/\/portalmovil.com.ar\/index.php\/wp-json\/wp\/v2\/posts\/60430\/revisions"}],"predecessor-version":[{"id":60432,"href":"https:\/\/portalmovil.com.ar\/index.php\/wp-json\/wp\/v2\/posts\/60430\/revisions\/60432"}],"wp:featuredmedia":[{"embeddable":true,"href":"https:\/\/portalmovil.com.ar\/index.php\/wp-json\/wp\/v2\/media\/60431"}],"wp:attachment":[{"href":"https:\/\/portalmovil.com.ar\/index.php\/wp-json\/wp\/v2\/media?parent=60430"}],"wp:term":[{"taxonomy":"category","embeddable":true,"href":"https:\/\/portalmovil.com.ar\/index.php\/wp-json\/wp\/v2\/categories?post=60430"},{"taxonomy":"post_tag","embeddable":true,"href":"https:\/\/portalmovil.com.ar\/index.php\/wp-json\/wp\/v2\/tags?post=60430"}],"curies":[{"name":"wp","href":"https:\/\/api.w.org\/{rel}","templated":true}]}}