{"id":60288,"date":"2022-07-27T17:50:49","date_gmt":"2022-07-27T20:50:49","guid":{"rendered":"https:\/\/portalmovil.com.ar\/?p=60288"},"modified":"2022-07-27T17:50:53","modified_gmt":"2022-07-27T20:50:53","slug":"el-presidente-se-reunio-con-gobernadores-en-casa-rosada","status":"publish","type":"post","link":"https:\/\/portalmovil.com.ar\/index.php\/2022\/07\/27\/el-presidente-se-reunio-con-gobernadores-en-casa-rosada\/","title":{"rendered":"El Presidente se reuni\u00f3 con gobernadores en Casa Rosada"},"content":{"rendered":"\n<p>El presidente Alberto Fern\u00e1ndez manten\u00eda una reuni\u00f3n esta tarde en el Sal\u00f3n Eva Per\u00f3n de la Casa Rosada con mandatarios provinciales que mantuvieron un encuentro previo en el que discutieron una agenda de temas propios y la situaci\u00f3n econ\u00f3mica y pol\u00edtica del pa\u00eds.<\/p>\n\n\n\n<p>\u00abFue una reuni\u00f3n en la que se discuti\u00f3 c\u00f3mo se lleva su agenda de temas, c\u00f3mo se logra m\u00e1s presencia y contacto con el Gobierno Nacional\u00bb, coment\u00f3 uno de los mandatarios.<\/p>\n","protected":false},"excerpt":{"rendered":"<p>El presidente Alberto Fern\u00e1ndez manten\u00eda una reuni\u00f3n esta tarde en el Sal\u00f3n Eva Per\u00f3n de la Casa Rosada con mandatarios provinciales que mantuvieron un encuentro previo en el que discutieron una agenda de temas propios y la situaci\u00f3n econ\u00f3mica y pol\u00edtica del pa\u00eds. \u00abFue una reuni\u00f3n en la que se discuti\u00f3 c\u00f3mo se lleva su &hellip;<\/p>\n","protected":false},"author":2,"featured_media":60289,"comment_status":"open","ping_status":"open","sticky":false,"template":"","format":"standard","meta":{"_jetpack_memberships_contains_paid_content":false,"footnotes":"","jetpack_publicize_message":"","jetpack_publicize_feature_enabled":true,"jetpack_social_post_already_shared":true,"jetpack_social_options":{"image_generator_settings":{"template":"highway","default_image_id":0,"font":"","enabled":false},"version":2}},"categories":[639,14,12],"tags":[],"class_list":["post-60288","post","type-post","status-publish","format-standard","has-post-thumbnail","hentry","category-argentina","category-politica","category-ultimo"],"jetpack_publicize_connections":[],"jetpack_featured_media_url":"https:\/\/portalmovil.com.ar\/wp-content\/uploads\/2022\/07\/62994db9e4510.48.02-pm_900.jpg","jetpack_sharing_enabled":true,"amp_enabled":true,"_links":{"self":[{"href":"https:\/\/portalmovil.com.ar\/index.php\/wp-json\/wp\/v2\/posts\/60288","targetHints":{"allow":["GET"]}}],"collection":[{"href":"https:\/\/portalmovil.com.ar\/index.php\/wp-json\/wp\/v2\/posts"}],"about":[{"href":"https:\/\/portalmovil.com.ar\/index.php\/wp-json\/wp\/v2\/types\/post"}],"author":[{"embeddable":true,"href":"https:\/\/portalmovil.com.ar\/index.php\/wp-json\/wp\/v2\/users\/2"}],"replies":[{"embeddable":true,"href":"https:\/\/portalmovil.com.ar\/index.php\/wp-json\/wp\/v2\/comments?post=60288"}],"version-history":[{"count":1,"href":"https:\/\/portalmovil.com.ar\/index.php\/wp-json\/wp\/v2\/posts\/60288\/revisions"}],"predecessor-version":[{"id":60290,"href":"https:\/\/portalmovil.com.ar\/index.php\/wp-json\/wp\/v2\/posts\/60288\/revisions\/60290"}],"wp:featuredmedia":[{"embeddable":true,"href":"https:\/\/portalmovil.com.ar\/index.php\/wp-json\/wp\/v2\/media\/60289"}],"wp:attachment":[{"href":"https:\/\/portalmovil.com.ar\/index.php\/wp-json\/wp\/v2\/media?parent=60288"}],"wp:term":[{"taxonomy":"category","embeddable":true,"href":"https:\/\/portalmovil.com.ar\/index.php\/wp-json\/wp\/v2\/categories?post=60288"},{"taxonomy":"post_tag","embeddable":true,"href":"https:\/\/portalmovil.com.ar\/index.php\/wp-json\/wp\/v2\/tags?post=60288"}],"curies":[{"name":"wp","href":"https:\/\/api.w.org\/{rel}","templated":true}]}}