{"id":60240,"date":"2022-07-26T17:59:49","date_gmt":"2022-07-26T20:59:49","guid":{"rendered":"https:\/\/portalmovil.com.ar\/?p=60240"},"modified":"2022-07-26T17:59:50","modified_gmt":"2022-07-26T20:59:50","slug":"mejoramiento-de-calles-en-distintas-barriadas-resistencianas","status":"publish","type":"post","link":"https:\/\/portalmovil.com.ar\/index.php\/2022\/07\/26\/mejoramiento-de-calles-en-distintas-barriadas-resistencianas\/","title":{"rendered":"Mejoramiento de calles en distintas barriadas resistencianas"},"content":{"rendered":"\n<p>Agentes municipales iniciaron este martes 26 un amplio abordaje integral en los barrios Villa Prosperidad y Don Bosco de Resistencia. Los trabajos consisten en perfilado, nivelaci\u00f3n del terreno, limpieza general, desmalezamiento y erradicaci\u00f3n de minibasurales.<\/p>\n\n\n\n<p>El subsecretario de Infraestructura y Equipamiento Urbano municipal, Marcos Pereyra, destac\u00f3 el trabajo conjunto que llevan adelante con la comisi\u00f3n vecinal de Villa Prosperidad. Adem\u00e1s, mencion\u00f3 que las tareas fueron realizadas por personal de las \u00e1reas de servicio y que utilizaron equipos viales como ser una motoniveladora, retroexcavadora y un cami\u00f3n volcador para el retiro de ramas. \u201cEs un arreglo integral el que efectuamos, todo forma parte de la planificaci\u00f3n para llegar a las 1.000 cuadras mejoradas, en especial los accesos principales y luego continuando con los secundarios\u201d, a\u00f1adi\u00f3.<\/p>\n\n\n\n<p>Por su parte, el vecino Jorge Araujo de Villa Prosperidad, dijo: \u201cNuestro barrio tiene casi 100 a\u00f1os y debe mantenerse en buenas condiciones, ten\u00edamos problemas para la movilidad por el deterioro de las calles, pero le pedimos al intendente y encontramos una respuesta r\u00e1pida\u201d.<\/p>\n","protected":false},"excerpt":{"rendered":"<p>Agentes municipales iniciaron este martes 26 un amplio abordaje integral en los barrios Villa Prosperidad y Don Bosco de Resistencia. Los trabajos consisten en perfilado, nivelaci\u00f3n del terreno, limpieza general, desmalezamiento y erradicaci\u00f3n de minibasurales. El subsecretario de Infraestructura y Equipamiento Urbano municipal, Marcos Pereyra, destac\u00f3 el trabajo conjunto que llevan adelante con la comisi\u00f3n &hellip;<\/p>\n","protected":false},"author":2,"featured_media":60241,"comment_status":"open","ping_status":"open","sticky":false,"template":"","format":"standard","meta":{"_jetpack_memberships_contains_paid_content":false,"footnotes":"","jetpack_publicize_message":"","jetpack_publicize_feature_enabled":true,"jetpack_social_post_already_shared":true,"jetpack_social_options":{"image_generator_settings":{"template":"highway","default_image_id":0,"font":"","enabled":false},"version":2}},"categories":[14,37],"tags":[],"class_list":["post-60240","post","type-post","status-publish","format-standard","has-post-thumbnail","hentry","category-politica","category-resistencia"],"jetpack_publicize_connections":[],"jetpack_featured_media_url":"https:\/\/portalmovil.com.ar\/wp-content\/uploads\/2022\/07\/62e03cd4cfdd9394033770.jpg","jetpack_sharing_enabled":true,"amp_enabled":true,"_links":{"self":[{"href":"https:\/\/portalmovil.com.ar\/index.php\/wp-json\/wp\/v2\/posts\/60240","targetHints":{"allow":["GET"]}}],"collection":[{"href":"https:\/\/portalmovil.com.ar\/index.php\/wp-json\/wp\/v2\/posts"}],"about":[{"href":"https:\/\/portalmovil.com.ar\/index.php\/wp-json\/wp\/v2\/types\/post"}],"author":[{"embeddable":true,"href":"https:\/\/portalmovil.com.ar\/index.php\/wp-json\/wp\/v2\/users\/2"}],"replies":[{"embeddable":true,"href":"https:\/\/portalmovil.com.ar\/index.php\/wp-json\/wp\/v2\/comments?post=60240"}],"version-history":[{"count":1,"href":"https:\/\/portalmovil.com.ar\/index.php\/wp-json\/wp\/v2\/posts\/60240\/revisions"}],"predecessor-version":[{"id":60242,"href":"https:\/\/portalmovil.com.ar\/index.php\/wp-json\/wp\/v2\/posts\/60240\/revisions\/60242"}],"wp:featuredmedia":[{"embeddable":true,"href":"https:\/\/portalmovil.com.ar\/index.php\/wp-json\/wp\/v2\/media\/60241"}],"wp:attachment":[{"href":"https:\/\/portalmovil.com.ar\/index.php\/wp-json\/wp\/v2\/media?parent=60240"}],"wp:term":[{"taxonomy":"category","embeddable":true,"href":"https:\/\/portalmovil.com.ar\/index.php\/wp-json\/wp\/v2\/categories?post=60240"},{"taxonomy":"post_tag","embeddable":true,"href":"https:\/\/portalmovil.com.ar\/index.php\/wp-json\/wp\/v2\/tags?post=60240"}],"curies":[{"name":"wp","href":"https:\/\/api.w.org\/{rel}","templated":true}]}}