{"id":60151,"date":"2022-07-25T15:03:42","date_gmt":"2022-07-25T18:03:42","guid":{"rendered":"https:\/\/portalmovil.com.ar\/?p=60151"},"modified":"2022-07-25T15:03:45","modified_gmt":"2022-07-25T18:03:45","slug":"entregaron-90-viviendas-en-pampa-del-infierno","status":"publish","type":"post","link":"https:\/\/portalmovil.com.ar\/index.php\/2022\/07\/25\/entregaron-90-viviendas-en-pampa-del-infierno\/","title":{"rendered":"Entregaron 90 viviendas en Pampa Del Infierno"},"content":{"rendered":"\n<p>El gobernador Jorge Capitanich entreg\u00f3 este lunes 25, 90 viviendas en Pampa del Infierno junto a la intendenta Glenda Seifert y al presidente del Instituto Provincial de Desarrollo Urbano y la Vivienda (IPDUV). \u201cCompartir la felicidad de estas 90 familias tras acceder al derecho a la vivienda propia, es uno de los motivos que m\u00e1s me llenan de orgullo y alegr\u00eda\u201d, expres\u00f3 el mandatario.<\/p>\n\n\n\n<p>Cuentan con dos y tres habitaciones, fueron construidas mediante el sistema casaforma e incluy\u00f3 dos viviendas destinadas a personas con discapacidad. \u201cEs una alegr\u00eda ver c\u00f3mo m\u00e1s familias se afianzan y arraigan a su localidad construyendo su identidad a lo largo de la historia. La construcci\u00f3n de viviendas garantizan el acceso a un techo digno y el derecho al trabajo para m\u00e1s familias chaque\u00f1as\u201d, sostuvo el gobernador.<\/p>\n\n\n\n<p>El paquete de viviendas demand\u00f3 una inversi\u00f3n de $416.280.143, financiado por los programas nacionales Techo Digno y Reconstruir. Este \u00faltimo, cuenta con una inversi\u00f3n de $110 mil millones destinada a finalizar la construcci\u00f3n de las 55 mil viviendas que, a lo largo de todo el pa\u00eds, fueron paralizadas durante la gesti\u00f3n del ex presidente Mauricio Macri.<\/p>\n","protected":false},"excerpt":{"rendered":"<p>El gobernador Jorge Capitanich entreg\u00f3 este lunes 25, 90 viviendas en Pampa del Infierno junto a la intendenta Glenda Seifert y al presidente del Instituto Provincial de Desarrollo Urbano y la Vivienda (IPDUV). \u201cCompartir la felicidad de estas 90 familias tras acceder al derecho a la vivienda propia, es uno de los motivos que m\u00e1s &hellip;<\/p>\n","protected":false},"author":2,"featured_media":60152,"comment_status":"open","ping_status":"open","sticky":false,"template":"","format":"standard","meta":{"_jetpack_memberships_contains_paid_content":false,"footnotes":"","jetpack_publicize_message":"","jetpack_publicize_feature_enabled":true,"jetpack_social_post_already_shared":true,"jetpack_social_options":{"image_generator_settings":{"template":"highway","default_image_id":0,"font":"","enabled":false},"version":2}},"categories":[5,14,12],"tags":[],"class_list":["post-60151","post","type-post","status-publish","format-standard","has-post-thumbnail","hentry","category-chaco","category-politica","category-ultimo"],"jetpack_publicize_connections":[],"jetpack_featured_media_url":"https:\/\/portalmovil.com.ar\/wp-content\/uploads\/2022\/07\/294653658_618097453004862_1862186341929871711_n.jpg","jetpack_sharing_enabled":true,"amp_enabled":true,"_links":{"self":[{"href":"https:\/\/portalmovil.com.ar\/index.php\/wp-json\/wp\/v2\/posts\/60151","targetHints":{"allow":["GET"]}}],"collection":[{"href":"https:\/\/portalmovil.com.ar\/index.php\/wp-json\/wp\/v2\/posts"}],"about":[{"href":"https:\/\/portalmovil.com.ar\/index.php\/wp-json\/wp\/v2\/types\/post"}],"author":[{"embeddable":true,"href":"https:\/\/portalmovil.com.ar\/index.php\/wp-json\/wp\/v2\/users\/2"}],"replies":[{"embeddable":true,"href":"https:\/\/portalmovil.com.ar\/index.php\/wp-json\/wp\/v2\/comments?post=60151"}],"version-history":[{"count":1,"href":"https:\/\/portalmovil.com.ar\/index.php\/wp-json\/wp\/v2\/posts\/60151\/revisions"}],"predecessor-version":[{"id":60153,"href":"https:\/\/portalmovil.com.ar\/index.php\/wp-json\/wp\/v2\/posts\/60151\/revisions\/60153"}],"wp:featuredmedia":[{"embeddable":true,"href":"https:\/\/portalmovil.com.ar\/index.php\/wp-json\/wp\/v2\/media\/60152"}],"wp:attachment":[{"href":"https:\/\/portalmovil.com.ar\/index.php\/wp-json\/wp\/v2\/media?parent=60151"}],"wp:term":[{"taxonomy":"category","embeddable":true,"href":"https:\/\/portalmovil.com.ar\/index.php\/wp-json\/wp\/v2\/categories?post=60151"},{"taxonomy":"post_tag","embeddable":true,"href":"https:\/\/portalmovil.com.ar\/index.php\/wp-json\/wp\/v2\/tags?post=60151"}],"curies":[{"name":"wp","href":"https:\/\/api.w.org\/{rel}","templated":true}]}}