{"id":6014,"date":"2020-05-05T10:31:31","date_gmt":"2020-05-05T13:31:31","guid":{"rendered":"http:\/\/portalmovil.com.ar\/?p=6014"},"modified":"2020-05-05T10:31:36","modified_gmt":"2020-05-05T13:31:36","slug":"convocan-a-consulta-publica-para-la-eleccion-del-defensor-del-pueblo-y-del-adjunto-del-chaco","status":"publish","type":"post","link":"https:\/\/portalmovil.com.ar\/index.php\/2020\/05\/05\/convocan-a-consulta-publica-para-la-eleccion-del-defensor-del-pueblo-y-del-adjunto-del-chaco\/","title":{"rendered":"Convocan a consulta p\u00fablica para la elecci\u00f3n del Defensor del Pueblo y del adjunto del Chaco"},"content":{"rendered":"\n<p>El Parlamento chaque\u00f1o en la sesi\u00f3n extraordinaria N\u00b0 2, aprob\u00f3 la resoluci\u00f3n 147\/2020 por la cual se facult\u00f3 a la Presidencia del Poder Legislativo a convocar a Consulta P\u00fablica de la sociedad chaque\u00f1a, para los d\u00eda 6 de julio de 2020 a la hora 9 en el marco de la ley 843\u2013A (antes ley 4190), con la finalidad de evaluar antecedentes y calidades personales de los postulantes con el objeto de cubrir los cargos de Defensor del Pueblo y de Defensor del Pueblo Adjunto. El lugar donde se llevar\u00e1 a cabo la Consulta P\u00fablica ser\u00e1 determinado por el Presidente de este Poder en atenci\u00f3n a la cantidad de inscriptos, garantizando que el mismo respete los protocolos de distanciamiento social.<\/p>\n\n\n\n<p>Conforme lo dispuesto en dicho instrumento legal tambi\u00e9n se facult\u00f3 al titular del Poder a realizar las publicaciones pertinentes para su publicaci\u00f3n en los medios de comunicaci\u00f3n y en la p\u00e1gina oficial.<\/p>\n\n\n\n<h3 class=\"wp-block-heading\"><strong>Plazo de inscripci\u00f3n<\/strong><\/h3>\n\n\n\n<p>A los fines de la presente ley se habilitar\u00e1 una mesa especial, un sitio web y\/o correo electr\u00f3nico a partir del d\u00eda 2 de mayo y hasta el 1 de junio del 2020 desde la hora 8 y hasta las 13 con el fin de que los interesados puedan presentar sus curr\u00edculos vitae y antecedentes personales que acrediten su idoneidad para los cargos previstos en la ley 843-A (antes ley 4190) vencido el t\u00e9rmino se\u00f1alado no se permitir\u00e1n nuevas inscripciones y la Direcci\u00f3n de Mesa de Entradas y Salidas, sito en calle G\u00fcemes 140 \u2013 3\u00b0 Piso Anexo Legislativo remitir\u00e1 la n\u00f3mina y antecedentes de los inscriptos a la Comisi\u00f3n de Legislaci\u00f3n General, Justicia y Seguridad que proceder\u00e1 a su acumulaci\u00f3n con presentaciones que se hayan realizado en el plazo estipulado.<\/p>\n\n\n\n<p>Finalizado el plazo de inscripci\u00f3n y con plazo m\u00e1ximo de 3 d\u00edas, se publicar\u00e1 la n\u00f3mina completa de los postulantes a los cargos de Defensor del Pueblo y Defensor del Pueblo Adjunto con el mismo sentido alcance y con las mismas facultades otorgadas a la Presidencia por la presente.<\/p>\n\n\n\n<h3 class=\"wp-block-heading\"><strong>Las opiniones ciudadanas<\/strong><\/h3>\n\n\n\n<p>Cumplimentada la publicaci\u00f3n de los postulantes recepcionar\u00e1n desde el d\u00eda inmediato posterior a la publicaci\u00f3n y durante un plazo de 3 d\u00edas h\u00e1biles en la Direcci\u00f3n de Mesa de Entradas y Salidas de 8 a 13 horas o en la p\u00e1gina Web y\/o correo electr\u00f3nico creado al efecto las opiniones de la ciudadan\u00eda chaque\u00f1a en cuanto a las calidades personales, profesionales, laborales, idoneidad, \u00e9ticas y morales de los postulantes debiendo acreditar con firmas aclaraci\u00f3n y N\u00b0 de documento Nacional de Identidad la misma, si la opini\u00f3n surgiera de Instituciones, organizaciones, universidades, colegios y consejos profesionales, organizaciones no gubernamentales, movimientos sociales, deber\u00e1n sellar su escrito y con firma del Presidente o Titular de la misma, a fin de que quede plasmadas como ponencia de un colectivo para todo lo referido a este punto se considera vigente lo dispuesto por el art\u00edculo 275 delito de falsa denuncia del C\u00f3digo Penal Argentino.<\/p>\n\n\n\n<p>Vencido el plazo establecido la Direcci\u00f3n de Mesa de Entradas y Salidas elevar\u00e1 la n\u00f3mina y opiniones o antecedentes recepcionados por escrito a la Presidencia de la Comisi\u00f3n de Legislaci\u00f3n General, Justicia y Seguridad.<\/p>\n\n\n\n<p>Invitar a participar de la presente Consulta P\u00fablica, a instituciones de derechos humanos, de defensa del consumidor, religiosas, sindicales, universidades de la regi\u00f3n, colegios y consejos profesionales, organizaciones no gubernamentales, asociaciones profesionales, movimientos sociales y dem\u00e1s actores de la sociedad civil, as\u00ed como tambi\u00e9n a todo ciudadano interesado sobre el particular.<\/p>\n\n\n\n<p>Todas las personas f\u00edsicas o jur\u00eddicas interesadas en participar en esta convocatoria, como p\u00fablico asistente, podr\u00e1n hacerlo sin mayor formalidad que su inscripci\u00f3n, acreditando identidad, en un registro que se habilitar\u00e1 a tal efecto en la Direcci\u00f3n de Mesa de Entradas y Salidas en la fecha y los horarios establecidos la presente.<\/p>\n\n\n\n<p>Cumplimentados los pasos anteriores se notificar\u00e1 a la Presidencia de este Poder para que determine el lugar donde se llevar\u00e1 a cabo la audiencia, la que deber\u00e1 ser publicada conforme lo establece la presente Resoluci\u00f3n. El titular de la Presidencia del Poder Legislativo junto al Presidente de la Comisi\u00f3n de Legislaci\u00f3n General, Justicia y Seguridad, asistida por los dem\u00e1s integrantes de la misma, proceder\u00e1n con la apertura de la Consulta P\u00fablica informando el objetivo de la misma y dando a conocer la n\u00f3mina de postulantes inscriptos.<\/p>\n\n\n\n<p>La Comisi\u00f3n de Legislaci\u00f3n General, Justicia y Seguridad tendr\u00e1 a su cargo instrumentar y presidir la Consulta P\u00fablica.<\/p>\n\n\n\n<p>Se conceder\u00e1 la palabra a los aspirantes por orden de inscripci\u00f3n, pudiendo extenderla posteriormente a quienes soliciten su uso aunque no se encuentren inscriptos. Las intervenciones ser\u00e1n extremadamente breves de acuerdo con la cantidad de oradores, todo a criterio de la Presidencia del Poder Legislativo y de la Comisi\u00f3n interviniente. Los postulantes tendr\u00e1n derecho a un plazo m\u00e1ximo de 10 minutos de exposici\u00f3n.<\/p>\n\n\n\n<p>El Cuerpo de Taqu\u00edgrafos asistir\u00e1 al desarrollo de la Consulta P\u00fablica tomando versi\u00f3n de la misma. En todo lo dem\u00e1s, ser\u00e1 de aplicaci\u00f3n el Reglamento Interno de la C\u00e1mara de Diputados.<\/p>\n\n\n\n<p>Encomendar a la Presidencia de la C\u00e1mara de Diputados, la adopci\u00f3n de todos los recaudos administrativos y formales para el cumplimiento y plena operatividad de esta resoluci\u00f3n.<\/p>\n\n\n\n<p>Por \u00faltimo facultar a la Presidencia del Poder Legislativo a realizar las adecuaciones que fuesen necesarias en el procedimiento estipulado en la presente por cuestiones sanitarias vinculadas a la pandemia COVID-19 y solventar todas las erogaciones que demande la presente.<\/p>\n","protected":false},"excerpt":{"rendered":"<p>El Parlamento chaque\u00f1o en la sesi\u00f3n extraordinaria N\u00b0 2, aprob\u00f3 la resoluci\u00f3n 147\/2020 por la cual se facult\u00f3 a la Presidencia del Poder Legislativo a convocar a Consulta P\u00fablica de la sociedad chaque\u00f1a, para los d\u00eda 6 de julio de 2020 a la hora 9 en el marco de la ley 843\u2013A (antes ley 4190), &hellip;<\/p>\n","protected":false},"author":2,"featured_media":6015,"comment_status":"open","ping_status":"open","sticky":false,"template":"","format":"standard","meta":{"_jetpack_memberships_contains_paid_content":false,"footnotes":"","jetpack_publicize_message":"","jetpack_publicize_feature_enabled":true,"jetpack_social_post_already_shared":true,"jetpack_social_options":{"image_generator_settings":{"template":"highway","default_image_id":0,"font":"","enabled":false},"version":2}},"categories":[5],"tags":[],"class_list":["post-6014","post","type-post","status-publish","format-standard","has-post-thumbnail","hentry","category-chaco"],"jetpack_publicize_connections":[],"jetpack_featured_media_url":"https:\/\/portalmovil.com.ar\/wp-content\/uploads\/2020\/05\/legizzz-696x522-1.jpg","jetpack_sharing_enabled":true,"amp_enabled":true,"_links":{"self":[{"href":"https:\/\/portalmovil.com.ar\/index.php\/wp-json\/wp\/v2\/posts\/6014","targetHints":{"allow":["GET"]}}],"collection":[{"href":"https:\/\/portalmovil.com.ar\/index.php\/wp-json\/wp\/v2\/posts"}],"about":[{"href":"https:\/\/portalmovil.com.ar\/index.php\/wp-json\/wp\/v2\/types\/post"}],"author":[{"embeddable":true,"href":"https:\/\/portalmovil.com.ar\/index.php\/wp-json\/wp\/v2\/users\/2"}],"replies":[{"embeddable":true,"href":"https:\/\/portalmovil.com.ar\/index.php\/wp-json\/wp\/v2\/comments?post=6014"}],"version-history":[{"count":1,"href":"https:\/\/portalmovil.com.ar\/index.php\/wp-json\/wp\/v2\/posts\/6014\/revisions"}],"predecessor-version":[{"id":6016,"href":"https:\/\/portalmovil.com.ar\/index.php\/wp-json\/wp\/v2\/posts\/6014\/revisions\/6016"}],"wp:featuredmedia":[{"embeddable":true,"href":"https:\/\/portalmovil.com.ar\/index.php\/wp-json\/wp\/v2\/media\/6015"}],"wp:attachment":[{"href":"https:\/\/portalmovil.com.ar\/index.php\/wp-json\/wp\/v2\/media?parent=6014"}],"wp:term":[{"taxonomy":"category","embeddable":true,"href":"https:\/\/portalmovil.com.ar\/index.php\/wp-json\/wp\/v2\/categories?post=6014"},{"taxonomy":"post_tag","embeddable":true,"href":"https:\/\/portalmovil.com.ar\/index.php\/wp-json\/wp\/v2\/tags?post=6014"}],"curies":[{"name":"wp","href":"https:\/\/api.w.org\/{rel}","templated":true}]}}