{"id":60056,"date":"2022-07-22T19:21:38","date_gmt":"2022-07-22T22:21:38","guid":{"rendered":"https:\/\/portalmovil.com.ar\/?p=60056"},"modified":"2022-07-22T19:21:41","modified_gmt":"2022-07-22T22:21:41","slug":"dd-hh-denuncio-al-ex-militar-aldo-rico-por-delitos-contra-el-orden-constitucional","status":"publish","type":"post","link":"https:\/\/portalmovil.com.ar\/index.php\/2022\/07\/22\/dd-hh-denuncio-al-ex-militar-aldo-rico-por-delitos-contra-el-orden-constitucional\/","title":{"rendered":"DD.HH denunci\u00f3 al ex militar Aldo Rico por delitos contra el orden constitucional"},"content":{"rendered":"\n<p>La Secretar\u00eda de Derechos Humanos de la Naci\u00f3n denunci\u00f3 penalmente hoy al ex militar Aldo Rico por delitos contra el orden constitucional a partir de la difusi\u00f3n de un video en el que convoca a militares en actividad y retirados a organizarse y los incita a alzarse contra la Constituci\u00f3n Nacional y a deponer a los poderes p\u00fablicos democr\u00e1ticos.<\/p>\n","protected":false},"excerpt":{"rendered":"<p>La Secretar\u00eda de Derechos Humanos de la Naci\u00f3n denunci\u00f3 penalmente hoy al ex militar Aldo Rico por delitos contra el orden constitucional a partir de la difusi\u00f3n de un video en el que convoca a militares en actividad y retirados a organizarse y los incita a alzarse contra la Constituci\u00f3n Nacional y a deponer a &hellip;<\/p>\n","protected":false},"author":2,"featured_media":60057,"comment_status":"open","ping_status":"open","sticky":false,"template":"","format":"standard","meta":{"_jetpack_memberships_contains_paid_content":false,"footnotes":"","jetpack_publicize_message":"","jetpack_publicize_feature_enabled":true,"jetpack_social_post_already_shared":true,"jetpack_social_options":{"image_generator_settings":{"template":"highway","default_image_id":0,"font":"","enabled":false},"version":2}},"categories":[639,14],"tags":[],"class_list":["post-60056","post","type-post","status-publish","format-standard","has-post-thumbnail","hentry","category-argentina","category-politica"],"jetpack_publicize_connections":[],"jetpack_featured_media_url":"https:\/\/portalmovil.com.ar\/wp-content\/uploads\/2022\/07\/ceb91c26-3896-4d71-b6c9-f11ccff7af92.jpg","jetpack_sharing_enabled":true,"amp_enabled":true,"_links":{"self":[{"href":"https:\/\/portalmovil.com.ar\/index.php\/wp-json\/wp\/v2\/posts\/60056","targetHints":{"allow":["GET"]}}],"collection":[{"href":"https:\/\/portalmovil.com.ar\/index.php\/wp-json\/wp\/v2\/posts"}],"about":[{"href":"https:\/\/portalmovil.com.ar\/index.php\/wp-json\/wp\/v2\/types\/post"}],"author":[{"embeddable":true,"href":"https:\/\/portalmovil.com.ar\/index.php\/wp-json\/wp\/v2\/users\/2"}],"replies":[{"embeddable":true,"href":"https:\/\/portalmovil.com.ar\/index.php\/wp-json\/wp\/v2\/comments?post=60056"}],"version-history":[{"count":1,"href":"https:\/\/portalmovil.com.ar\/index.php\/wp-json\/wp\/v2\/posts\/60056\/revisions"}],"predecessor-version":[{"id":60058,"href":"https:\/\/portalmovil.com.ar\/index.php\/wp-json\/wp\/v2\/posts\/60056\/revisions\/60058"}],"wp:featuredmedia":[{"embeddable":true,"href":"https:\/\/portalmovil.com.ar\/index.php\/wp-json\/wp\/v2\/media\/60057"}],"wp:attachment":[{"href":"https:\/\/portalmovil.com.ar\/index.php\/wp-json\/wp\/v2\/media?parent=60056"}],"wp:term":[{"taxonomy":"category","embeddable":true,"href":"https:\/\/portalmovil.com.ar\/index.php\/wp-json\/wp\/v2\/categories?post=60056"},{"taxonomy":"post_tag","embeddable":true,"href":"https:\/\/portalmovil.com.ar\/index.php\/wp-json\/wp\/v2\/tags?post=60056"}],"curies":[{"name":"wp","href":"https:\/\/api.w.org\/{rel}","templated":true}]}}