{"id":6002,"date":"2020-05-05T09:29:23","date_gmt":"2020-05-05T12:29:23","guid":{"rendered":"http:\/\/portalmovil.com.ar\/?p=6002"},"modified":"2020-05-05T09:29:29","modified_gmt":"2020-05-05T12:29:29","slug":"alberto-fernandez-hay-que-ir-levantando-paulatinamente-la-cuarentena","status":"publish","type":"post","link":"https:\/\/portalmovil.com.ar\/index.php\/2020\/05\/05\/alberto-fernandez-hay-que-ir-levantando-paulatinamente-la-cuarentena\/","title":{"rendered":"Alberto Fern\u00e1ndez: \u00abHay que ir levantando paulatinamente la cuarentena\u00bb"},"content":{"rendered":"\n<p>El presidente Alberto Fern\u00e1ndez asegur\u00f3 que \u00aba todos nos preocupa la econom\u00eda, pero m\u00e1s nos preocupa la salud de la gente\u00bb\u00a0y agreg\u00f3 que el objetivo del gobierno es que los \u00abargentinos pasemos esta pandemia tan dolorosa y paguemos con el menor dolor posible\u00bb.\u00a0<\/p>\n\n\n\n<p>\u00abTenemos que ver como evolucionamos de ac\u00e1 al 10 de mayo\u00bb, cuando termina la nueva etapa del aislamiento social por el coronavirus,\u00a0dijo en una entrevista con el canal de cable TN, pero advirti\u00f3 que \u00abtenemos que tener conciencia como pueblo de lo que fuimos capaces de hacer\u00bb.<\/p>\n\n\n\n<p>\u00abEs un logro social como pa\u00eds, no debemos dejarnos llevar por la ansiedad de algunos, es lo peor que nos puede pasar y tirar todo por la borda\u00bb, a\u00f1adi\u00f3 el mandatario, quien record\u00f3 que\u00a0\u00aben el \u00faltimo DNU recomend\u00e9 que se autoricen las salidas y que cada uno vea en su lugar de qu\u00e9 modo\u00bb.<br><br>Seg\u00fan Fern\u00e1ndez, \u00abel problema que tenemos es que no estamos manejando un gotero, decir &#8216;sobre esta copa tiro tres gotas&#8217;; manejamos la llave de un oleoducto.\u00a0Los que gobiernan lo entienden, lo saben y por eso son tan cuidadosos\u00bb.<br><br>Ahora,\u00a0para los que \u00abescriben en Twitter, es facil\u00edsimo opinar. A veces se dicen cosas muy irresponsables y mucha gente de buena fe lee y cree, y no se da cuenta de que es una noticia falsa o una opini\u00f3n irresponsable\u00bb.<br><br>\u00abNo quiero que la urgencia contagie a muchos. Eso es lo que trato de evitar\u00bb, ampli\u00f3, pero\u00a0anticip\u00f3 que la idea es \u00abpaulatinamente ir levantando la cuarentena para que vuelva la normalidad\u00bb.<\/p>\n\n\n\n<p>Sobre el levantamiento o la flexibilidad del aislamiento dijo que \u00abquiero ver cuando llegue el lunes (pr\u00f3ximo) en qu\u00e9 punto estamos\u00bb. El Presidente asegur\u00f3 que \u00abnos dimos un plan para ver c\u00f3mo evoluciona esto, lograr que el contagio se duplique cada m\u00e1s de 25 d\u00edas; la \u00faltima medici\u00f3n estaba en 17 d\u00edas\u00bb.<\/p>\n","protected":false},"excerpt":{"rendered":"<p>El presidente Alberto Fern\u00e1ndez asegur\u00f3 que \u00aba todos nos preocupa la econom\u00eda, pero m\u00e1s nos preocupa la salud de la gente\u00bb\u00a0y agreg\u00f3 que el objetivo del gobierno es que los \u00abargentinos pasemos esta pandemia tan dolorosa y paguemos con el menor dolor posible\u00bb.\u00a0 \u00abTenemos que ver como evolucionamos de ac\u00e1 al 10 de mayo\u00bb, cuando &hellip;<\/p>\n","protected":false},"author":2,"featured_media":6003,"comment_status":"open","ping_status":"open","sticky":false,"template":"","format":"standard","meta":{"_jetpack_memberships_contains_paid_content":false,"footnotes":"","jetpack_publicize_message":"","jetpack_publicize_feature_enabled":true,"jetpack_social_post_already_shared":true,"jetpack_social_options":{"image_generator_settings":{"template":"highway","default_image_id":0,"font":"","enabled":false},"version":2}},"categories":[14,12],"tags":[],"class_list":["post-6002","post","type-post","status-publish","format-standard","has-post-thumbnail","hentry","category-politica","category-ultimo"],"jetpack_publicize_connections":[],"jetpack_featured_media_url":"https:\/\/portalmovil.com.ar\/wp-content\/uploads\/2020\/05\/alberto-f.jpg","jetpack_sharing_enabled":true,"amp_enabled":true,"_links":{"self":[{"href":"https:\/\/portalmovil.com.ar\/index.php\/wp-json\/wp\/v2\/posts\/6002","targetHints":{"allow":["GET"]}}],"collection":[{"href":"https:\/\/portalmovil.com.ar\/index.php\/wp-json\/wp\/v2\/posts"}],"about":[{"href":"https:\/\/portalmovil.com.ar\/index.php\/wp-json\/wp\/v2\/types\/post"}],"author":[{"embeddable":true,"href":"https:\/\/portalmovil.com.ar\/index.php\/wp-json\/wp\/v2\/users\/2"}],"replies":[{"embeddable":true,"href":"https:\/\/portalmovil.com.ar\/index.php\/wp-json\/wp\/v2\/comments?post=6002"}],"version-history":[{"count":1,"href":"https:\/\/portalmovil.com.ar\/index.php\/wp-json\/wp\/v2\/posts\/6002\/revisions"}],"predecessor-version":[{"id":6004,"href":"https:\/\/portalmovil.com.ar\/index.php\/wp-json\/wp\/v2\/posts\/6002\/revisions\/6004"}],"wp:featuredmedia":[{"embeddable":true,"href":"https:\/\/portalmovil.com.ar\/index.php\/wp-json\/wp\/v2\/media\/6003"}],"wp:attachment":[{"href":"https:\/\/portalmovil.com.ar\/index.php\/wp-json\/wp\/v2\/media?parent=6002"}],"wp:term":[{"taxonomy":"category","embeddable":true,"href":"https:\/\/portalmovil.com.ar\/index.php\/wp-json\/wp\/v2\/categories?post=6002"},{"taxonomy":"post_tag","embeddable":true,"href":"https:\/\/portalmovil.com.ar\/index.php\/wp-json\/wp\/v2\/tags?post=6002"}],"curies":[{"name":"wp","href":"https:\/\/api.w.org\/{rel}","templated":true}]}}