{"id":60010,"date":"2022-07-21T20:13:19","date_gmt":"2022-07-21T23:13:19","guid":{"rendered":"https:\/\/portalmovil.com.ar\/?p=60010"},"modified":"2022-07-21T20:13:22","modified_gmt":"2022-07-21T23:13:22","slug":"ya-son-mas-de-500-los-que-transformaron-su-dni-en-una-x","status":"publish","type":"post","link":"https:\/\/portalmovil.com.ar\/index.php\/2022\/07\/21\/ya-son-mas-de-500-los-que-transformaron-su-dni-en-una-x\/","title":{"rendered":"Ya son m\u00e1s de 500 los que transformaron su DNI en una X"},"content":{"rendered":"\n<p><strong>A un a\u00f1o de la sanci\u00f3n del Decreto 476\/2021 que incorpor\u00f3 la posibilidad de optar por la nomenclatura \u201cX\u201d en el\u00a0DNI\u00a0y el pasaporte, para reconocer identidades de g\u00e9nero por fuera del binomio masculino\/femenino, ya son 528 las personas que rectificaron su documentaci\u00f3n.<\/strong><\/p>\n\n\n\n<p>El decreto ampli\u00f3 los derechos reconocidos por la Ley de Identidad de G\u00e9nero (Ley 26.743), a 10 a\u00f1os de su sanci\u00f3n, interpretando sus alcances m\u00e1s all\u00e1 del binarismo y convirtiendo a la Argentina en el primer pa\u00eds de la regi\u00f3n en reconocer y ampliar estos derechos.<\/p>\n\n\n\n<p>Seg\u00fan datos de la Direcci\u00f3n Nacional de Poblaci\u00f3n del Renaper, dependiente del Ministerio del Interior de la Naci\u00f3n,&nbsp;<strong>desde la sanci\u00f3n del Decreto, 528 personas han rectificado su DNI con la nomenclatura \u201cX\u201d, lo que representa el 20,8% sobre el total de cambios de identidad de g\u00e9nero realizados desde el 21 de julio de 2021.<\/strong><\/p>\n\n\n\n<p><strong>La poblaci\u00f3n que cuenta con DNI no binario es una poblaci\u00f3n principalmente joven: el 55,5% tiene entre 18 y 29 a\u00f1os.&nbsp;<\/strong>La mayor parte reside en las provincias donde se ubican los principales centros urbanos:&nbsp;<strong>el 43% de las personas con DNI no binario reside en la Provincia de Buenos Aires, el 20,8% en la Ciudad Aut\u00f3noma de Buenos Aires, y luego se ubican Mendoza (5,1%), Neuqu\u00e9n (4,2%), C\u00f3rdoba (3,8%) y Santa Fe (3,4%).<\/strong><\/p>\n\n\n\n<p>La misma Direcci\u00f3n Nacional de Poblaci\u00f3n de Renaper elabor\u00f3 un tablero con la informaci\u00f3n sobre la tramitaci\u00f3n del DNI para personas no binarias, el cual es de acceso p\u00fablico para toda la ciudadan\u00eda y se encuentra disponible de manera digital en&nbsp;<a href=\"https:\/\/datosdnp.renaper.gob.ar\/public\/dashboard\/7f0c8983-a882-4f31-8c41-d4bbf9fe3655\" rel=\"noreferrer noopener\" target=\"_blank\">https:\/\/datosdnp.renaper.gob.ar\/public\/dashboard\/7f0c8983-a882-4f31-8c41-d4bbf9fe3655<\/a><\/p>\n\n\n\n<p>Tal como indica el Decreto en su art\u00edculo 4\u00ba,&nbsp;<strong>la asignaci\u00f3n de la letra \u201cX\u201d en el campo \u201csexo\u201d de los documentos comprende a la autopercepci\u00f3n de g\u00e9nero \u201cno binaria, indeterminada, no especificada, indefinida, no informada, autopercibida, no consignada; u otra acepci\u00f3n con la que pudiera identificarse la persona que no se sienta comprendida en el binomio masculino\/femenino\u201d<\/strong>, independientemente de su nacionalidad o estatus de migrante, refugiado o ap\u00e1trida.<\/p>\n\n\n\n<p><strong>Las personas con nacionalidad argentina que quieran tramitar el cambio de su DNI para ejercer este derecho pueden hacerlo en las sedes del Renaper, en cualquier delegaci\u00f3n de los registros civiles de todo el territorio nacional o en las representaciones consulares de la Rep\u00fablica Argentina en el exterior, con su partida de nacimiento previamente rectificada y su DNI vigente<\/strong>. En tanto, las personas extranjeras que residan en la Argentina pueden hacerlo ante la Direcci\u00f3n Nacional de Migraciones.<\/p>\n","protected":false},"excerpt":{"rendered":"<p>A un a\u00f1o de la sanci\u00f3n del Decreto 476\/2021 que incorpor\u00f3 la posibilidad de optar por la nomenclatura \u201cX\u201d en el\u00a0DNI\u00a0y el pasaporte, para reconocer identidades de g\u00e9nero por fuera del binomio masculino\/femenino, ya son 528 las personas que rectificaron su documentaci\u00f3n. El decreto ampli\u00f3 los derechos reconocidos por la Ley de Identidad de G\u00e9nero &hellip;<\/p>\n","protected":false},"author":2,"featured_media":60011,"comment_status":"open","ping_status":"open","sticky":false,"template":"","format":"standard","meta":{"_jetpack_memberships_contains_paid_content":false,"footnotes":"","jetpack_publicize_message":"","jetpack_publicize_feature_enabled":true,"jetpack_social_post_already_shared":true,"jetpack_social_options":{"image_generator_settings":{"template":"highway","default_image_id":0,"font":"","enabled":false},"version":2}},"categories":[639,3],"tags":[],"class_list":["post-60010","post","type-post","status-publish","format-standard","has-post-thumbnail","hentry","category-argentina","category-sociedad"],"jetpack_publicize_connections":[],"jetpack_featured_media_url":"https:\/\/portalmovil.com.ar\/wp-content\/uploads\/2022\/07\/5f93c202-51bc-4653-b143-4373079d7b12.jpg","jetpack_sharing_enabled":true,"amp_enabled":true,"_links":{"self":[{"href":"https:\/\/portalmovil.com.ar\/index.php\/wp-json\/wp\/v2\/posts\/60010","targetHints":{"allow":["GET"]}}],"collection":[{"href":"https:\/\/portalmovil.com.ar\/index.php\/wp-json\/wp\/v2\/posts"}],"about":[{"href":"https:\/\/portalmovil.com.ar\/index.php\/wp-json\/wp\/v2\/types\/post"}],"author":[{"embeddable":true,"href":"https:\/\/portalmovil.com.ar\/index.php\/wp-json\/wp\/v2\/users\/2"}],"replies":[{"embeddable":true,"href":"https:\/\/portalmovil.com.ar\/index.php\/wp-json\/wp\/v2\/comments?post=60010"}],"version-history":[{"count":1,"href":"https:\/\/portalmovil.com.ar\/index.php\/wp-json\/wp\/v2\/posts\/60010\/revisions"}],"predecessor-version":[{"id":60012,"href":"https:\/\/portalmovil.com.ar\/index.php\/wp-json\/wp\/v2\/posts\/60010\/revisions\/60012"}],"wp:featuredmedia":[{"embeddable":true,"href":"https:\/\/portalmovil.com.ar\/index.php\/wp-json\/wp\/v2\/media\/60011"}],"wp:attachment":[{"href":"https:\/\/portalmovil.com.ar\/index.php\/wp-json\/wp\/v2\/media?parent=60010"}],"wp:term":[{"taxonomy":"category","embeddable":true,"href":"https:\/\/portalmovil.com.ar\/index.php\/wp-json\/wp\/v2\/categories?post=60010"},{"taxonomy":"post_tag","embeddable":true,"href":"https:\/\/portalmovil.com.ar\/index.php\/wp-json\/wp\/v2\/tags?post=60010"}],"curies":[{"name":"wp","href":"https:\/\/api.w.org\/{rel}","templated":true}]}}