{"id":59965,"date":"2022-07-19T13:09:00","date_gmt":"2022-07-19T16:09:00","guid":{"rendered":"https:\/\/portalmovil.com.ar\/?p=59965"},"modified":"2022-07-21T13:11:22","modified_gmt":"2022-07-21T16:11:22","slug":"magda-ayala-hoy-tenemos-esta-felicidad-que-nos-agranda-el-pecho","status":"publish","type":"post","link":"https:\/\/portalmovil.com.ar\/index.php\/2022\/07\/19\/magda-ayala-hoy-tenemos-esta-felicidad-que-nos-agranda-el-pecho\/","title":{"rendered":"Magda Ayala: \u00abHoy tenemos esta felicidad que nos agranda el pecho\u00bb"},"content":{"rendered":"\n<p>La intendente Magda Ayala acompa\u00f1\u00f3 la entrega de pensiones no contributivas, sillas de ruedas y de la renovaci\u00f3n de convenios con prestadores del Programa Federal Incluir Salud, junto al director Ejecutivo de la Agencia Nacional de Discapacidad Fernando Galarraga, la vicegobernadora Analia Rach Quiroga, la directora Nacional de Apoyo y Asignaciones Econ\u00f3micas de la ANDIS Paula Mart\u00ednez.<\/p>\n\n\n\n<p>\u201cEs un d\u00eda muy importante para nosotros, poder sentir la felicidad de cada uno de nuestros vecinos al adquirir su pensi\u00f3n no contributiva. Una pensi\u00f3n que viene a cumplir hoy, un rol fundamental, en cada hogar. Entendiendo que desde el 2015 al 2019 se han parado y tambi\u00e9n se han quitado a muchos este beneficio\u201d, asever\u00f3 la jefa comunal y sigui\u00f3: \u201cPero hoy tenemos esta felicidad que nos agranda el pecho, al poder recibir estas 46 pensiones no contributivas para nuestros vecinos de Barranqueras, con ayudas t\u00e9cnicas para personas con discapacidad\u201d.<\/p>\n\n\n\n<p>Luego explic\u00f3: \u201cNosotros cuando asumimos la gesti\u00f3n en el 2019 no ten\u00edamos ni \u00e1rea ni direcci\u00f3n que contenga y ayude a las personas con discapacidad. Por eso desde el comienzo asumimos el compromiso de poder crear la Secretar\u00eda de las Personas con Discapacidad que se compone por un excelente equipo a cargo de Viviana Ayala, que viene haciendo un trabajo extraordinario para toda la comunidad. Generar estos espacios, le permiten al vecino tener al Estado cerca de su casa y poder realizar los tr\u00e1mites y asesoramientos que necesite\u201d.<\/p>\n\n\n\n<p>Recordemos que la Secretar\u00eda funciona en Av. 9 de Julio 5370, de 07 a 19 horas. En este espacio no solo se brinda talleres sino tambi\u00e9n se puede iniciar los tr\u00e1mites para las pensiones, se realizan entregas y renovaciones de Certificados \u00danicos de Discapacidad, y ayudas t\u00e9cnicas. Adem\u00e1s de articular mejoras habitacionales, entre otras acciones.<\/p>\n","protected":false},"excerpt":{"rendered":"<p>La intendente Magda Ayala acompa\u00f1\u00f3 la entrega de pensiones no contributivas, sillas de ruedas y de la renovaci\u00f3n de convenios con prestadores del Programa Federal Incluir Salud, junto al director Ejecutivo de la Agencia Nacional de Discapacidad Fernando Galarraga, la vicegobernadora Analia Rach Quiroga, la directora Nacional de Apoyo y Asignaciones Econ\u00f3micas de la ANDIS &hellip;<\/p>\n","protected":false},"author":2,"featured_media":59966,"comment_status":"open","ping_status":"open","sticky":false,"template":"","format":"standard","meta":{"_jetpack_memberships_contains_paid_content":false,"footnotes":"","jetpack_publicize_message":"","jetpack_publicize_feature_enabled":true,"jetpack_social_post_already_shared":true,"jetpack_social_options":{"image_generator_settings":{"template":"highway","default_image_id":0,"font":"","enabled":false},"version":2}},"categories":[28,5],"tags":[],"class_list":["post-59965","post","type-post","status-publish","format-standard","has-post-thumbnail","hentry","category-actualidad","category-chaco"],"jetpack_publicize_connections":[],"jetpack_featured_media_url":"https:\/\/portalmovil.com.ar\/wp-content\/uploads\/2022\/07\/Screenshot_20220719-225541-061.png","jetpack_sharing_enabled":true,"amp_enabled":true,"_links":{"self":[{"href":"https:\/\/portalmovil.com.ar\/index.php\/wp-json\/wp\/v2\/posts\/59965","targetHints":{"allow":["GET"]}}],"collection":[{"href":"https:\/\/portalmovil.com.ar\/index.php\/wp-json\/wp\/v2\/posts"}],"about":[{"href":"https:\/\/portalmovil.com.ar\/index.php\/wp-json\/wp\/v2\/types\/post"}],"author":[{"embeddable":true,"href":"https:\/\/portalmovil.com.ar\/index.php\/wp-json\/wp\/v2\/users\/2"}],"replies":[{"embeddable":true,"href":"https:\/\/portalmovil.com.ar\/index.php\/wp-json\/wp\/v2\/comments?post=59965"}],"version-history":[{"count":1,"href":"https:\/\/portalmovil.com.ar\/index.php\/wp-json\/wp\/v2\/posts\/59965\/revisions"}],"predecessor-version":[{"id":59967,"href":"https:\/\/portalmovil.com.ar\/index.php\/wp-json\/wp\/v2\/posts\/59965\/revisions\/59967"}],"wp:featuredmedia":[{"embeddable":true,"href":"https:\/\/portalmovil.com.ar\/index.php\/wp-json\/wp\/v2\/media\/59966"}],"wp:attachment":[{"href":"https:\/\/portalmovil.com.ar\/index.php\/wp-json\/wp\/v2\/media?parent=59965"}],"wp:term":[{"taxonomy":"category","embeddable":true,"href":"https:\/\/portalmovil.com.ar\/index.php\/wp-json\/wp\/v2\/categories?post=59965"},{"taxonomy":"post_tag","embeddable":true,"href":"https:\/\/portalmovil.com.ar\/index.php\/wp-json\/wp\/v2\/tags?post=59965"}],"curies":[{"name":"wp","href":"https:\/\/api.w.org\/{rel}","templated":true}]}}