{"id":59765,"date":"2022-07-18T20:29:41","date_gmt":"2022-07-18T23:29:41","guid":{"rendered":"https:\/\/portalmovil.com.ar\/?p=59765"},"modified":"2022-07-18T20:29:50","modified_gmt":"2022-07-18T23:29:50","slug":"cosechaba-algodon-y-se-recibio-de-abogado-en-la-unne","status":"publish","type":"post","link":"https:\/\/portalmovil.com.ar\/index.php\/2022\/07\/18\/cosechaba-algodon-y-se-recibio-de-abogado-en-la-unne\/","title":{"rendered":"Cosechaba algod\u00f3n y se recibi\u00f3 de abogado en la UNNE"},"content":{"rendered":"\n<p><strong>Facundo Adri\u00e1n Beauvais Lobo<\/strong>, naci\u00f3 hace 25 a\u00f1os en Basa\u00edl, localidad chaque\u00f1a ubicada al sudeste de la provincia del Chaco. Su hogar se encuentra a unos 7 km del pueblo, en una zona rural sobre la ruta nacional 11 llamado \u201cParaje km 34\u201d, cuya comunidad se compone de tan solo cincuenta familias de muy humilde condici\u00f3n.<\/p>\n\n\n\n<p>\u201cEn mi paraje no tenemos agua potable -cuenta Facundo-, el agua que se consume en todas las casas sale de un pozo con la ayuda de un gran motor, pero nadie certifica que el agua sea apta para consumo\u201d, explica.&nbsp;<\/p>\n\n\n\n<p>El flamante abogado egresado de la UNNE es el mayor de tres hermanos \u201cs\u00e9 que tengo dos hermanos m\u00e1s por parte de padre, pero no los conozco\u201d, reconoci\u00f3. Facundo curs\u00f3 su ciclo primario en la EEP N\u00b0224 \u201cBrigadier \u00c1ngel Mar\u00eda Zuloaga\u201d y al secundario lo concluy\u00f3 en el CEP N\u00b0 82 Dr. Ren\u00e9&nbsp; Favaloro, ambos, establecimientos escolares cercanos a su comunidad en Basa\u00edl.&nbsp; \u201cMis abuelos siempre nos dijeron que estudiemos, para tener el futuro que ellos no tuvieron -relat\u00f3 el joven- ellos fueron como mis padres\u201d.<\/p>\n\n\n\n<h3 class=\"wp-block-heading\"><strong>Identidad Qom<\/strong><\/h3>\n\n\n\n<p><strong>Facundo Adri\u00e1n Beauvais Lobo<\/strong>&nbsp;posee ra\u00edces originarias provenientes de sus abuelos maternos, ambos integrantes de la comunidad ind\u00edgena Qom chaque\u00f1a.<br>\u201cMe cri\u00e9 con mis abuelos maternos y viv\u00ed con ellos hasta que empec\u00e9 la aventura UNNE, la que atraves\u00e9 con mucho esfuerzo y deseos de superaci\u00f3n\u2026 realmente me cost\u00f3 much\u00edsimo. Hoy recuerdo todo lo que pas\u00e9 en los a\u00f1os de facultad y no puedo creer que lo haya logrado\u201d, reflexiona orgulloso.<\/p>\n\n\n\n<p>Cont\u00f3 adem\u00e1s que siendo chico siempre ten\u00eda muchas ideas, era muy extrovertido y le gustaba estar informado \u201cera un aventurero multifac\u00e9tico\u201d se autodenomin\u00f3, a la vez que reconoci\u00f3 que fue esta inquietud permanente la que lo llev\u00f3 a conocer las ofertas acad\u00e9micas de la UNNE a trav\u00e9s de redes sociales y decidirse por estudiar en la universidad.&nbsp;<\/p>\n\n\n\n<p>\u201cAl Programa Pueblos Ind\u00edgenas de la UNNE lo conoc\u00ed buscando ayuda econ\u00f3mica para comenzar a estudiar abogac\u00eda. Mi madre en ese tiempo ten\u00eda s\u00f3lo un contrato como empleada en la escuelita local y no era suficiente, pero yo estaba decidido a entrar a la universidad. Entonces me puse las pilas y llegu\u00e9 hasta el IDACH (Instituto del Aborigen Chaque\u00f1o) y -si bien no consegu\u00ed la ayuda que buscaba- me recomendaron e informaron sobre el PPI-UNNE\u201d.<\/p>\n\n\n\n<p>Record\u00f3 entonces que en aquel tiempo su primer contacto fue con Adriana Luj\u00e1n (actual coordinadora del PPI-UNNE) y Laura Rosso (coordinadora en ese entonces) \u201cambas, desde el minuto 1 me brindaron toda la informaci\u00f3n y el apoyo que se necesita en un momento tan dif\u00edcil como ese, el del ingreso a la universidad\u201d.<\/p>\n\n\n\n<p>Hizo especial hincapi\u00e9 en la importancia de los Programas de Tutor\u00edas para acompa\u00f1ar a los estudiantes e ingresantes. \u201cRealmente me parece muy importante, el poder contar -siendo ingresante- con un tutor que te brinde un c\u00e1lido mensaje de apoyo cuando m\u00e1s necesit\u00e1s, tambi\u00e9n durante el tiempo de adaptaci\u00f3n acad\u00e9mica. De hecho, actualmente soy Tutor Par de los estudiantes de la sede central de la Facultad de Derecho, Ciencias Sociales y Pol\u00edticas de la UNNE\u201d cont\u00f3 el abogado.&nbsp;<\/p>\n\n\n\n<h3 class=\"wp-block-heading\"><strong>La humildad como condici\u00f3n de vida<\/strong><\/h3>\n\n\n\n<p>En su relato, Facundo Lobo -el octavo profesional egresado de la UNNE de ra\u00edces originarias- rememor\u00f3 nost\u00e1lgico su vida familiar de ni\u00f1ez y adolescencia. \u201cFueron buenos a\u00f1os, ten\u00edamos una humildad terrible pero \u00e9ramos muy unidos. Trabaj\u00e1bamos todos en el campo (mis abuelos, hermanos, t\u00edos\u2026) cosech\u00e1bamos algod\u00f3n, deschal\u00e1bamos ca\u00f1a y sembr\u00e1bamos batatas. Desde ni\u00f1o supe lo que es insolarse o que se te congelen los dedos de tanto fr\u00edo, as\u00ed que con certeza puedo decir que s\u00e9 lo que es transpirar la camiseta\u201d.<\/p>\n\n\n\n<p>Cuando se mud\u00f3 de Basa\u00edl a la capital correntina para iniciar el cursado, el abogado de ra\u00edces Qom, relat\u00f3 lo mucho que le cost\u00f3 adaptarse. \u201c\u00a1Me volv\u00eda a mi pueblo todos los fines de semana!. Adem\u00e1s, por mis escasos recursos econ\u00f3micos, los primeros meses tuve que dormir en una colchoneta (viv\u00eda contracturado); me acuerdo que no ten\u00eda mesa ni silla, \u00a1nada!. Por suerte, la due\u00f1a del lugar me hab\u00eda prestado una heladera que congelaba lo poco que ten\u00eda, pero para m\u00ed fue lo mejor que me pas\u00f3 en ese momento\u201d, rememor\u00f3.<br><br>Dijo adem\u00e1s que fueron muchas las veces en las que pens\u00f3 abandonar todo \u201cpero no s\u00e9 de d\u00f3nde sacaba la motivaci\u00f3n y segu\u00eda\u201d, relat\u00f3 asombrado recordando todo lo que atraves\u00f3. \u201cEs m\u00e1s, todav\u00eda no caigo que este d\u00eda tan ansiado -que parec\u00eda imposible para m\u00ed- finalmente lleg\u00f3\u201d.&nbsp;&nbsp;<\/p>\n\n\n\n<h3 class=\"wp-block-heading\">Con fuerza de voluntad, todo se puede<\/h3>\n\n\n\n<p>Consultado sobre cu\u00e1l ser\u00eda la l\u00ednea profesional en la que le gustar\u00eda desarrollarse dentro del derecho, el abogado Beauvais Lobo dijo que hubo un tiempo en el que se inclin\u00f3 por el derecho administrativo y luego se volc\u00f3 por el derecho laboral \u201chasta que me top\u00e9 con m\u00ed karma: Derecho Comercial 1, materia que me cost\u00f3 horrores aprobar, pero fue la que m\u00e1s me gust\u00f3, as\u00ed que supongo que me inclinar\u00e9 por el derecho empresario, pero no me cierro a nada. Me gusta mucho tambi\u00e9n el derecho penal. Lo que s\u00ed s\u00e9 es que, en la l\u00ednea que decida trabajar, pienso desarrollar a la par mis conocimientos como complemento en derechos humanos\u201d, subray\u00f3.<\/p>\n\n\n\n<p>En el final, el flamante abogado de la UNNE agradeci\u00f3 especialmente a su&nbsp; abuela, sus t\u00edos y sus amigos de facultad \u201clos que despu\u00e9s de tantos a\u00f1os se convirtieron en m\u00ed familia. Y tambi\u00e9n a mi padrastro que estuvo cuando lo necesit\u00e9. \u201cEl d\u00eda que me recib\u00ed, lloraba m\u00e1s que yo y emocionado me abrazaba diciendo \u2026 \u201cel cosechero se recibi\u00f3\u201d.&nbsp;<\/p>\n\n\n\n<p>Reconoci\u00f3 especialmente al Programa Pueblos Ind\u00edgenas y tambi\u00e9n a la UNNE por incentivar la inclusi\u00f3n en la instituci\u00f3n. \u201cPorque si bien la educaci\u00f3n superior es gratis, la facultad a muchos nos queda lejos y el apoyo que nos brinda PPI es esencial, sobre todo, cuando no ten\u00e9s nada\u201d.<\/p>\n\n\n\n<p>Facundo dej\u00f3 finalmente, su mensaje esperanzador dirigido a personas con ganas de estudiar una carrera universitaria. \u201cSepan que nada es imposible. Con fuerza de voluntad todo se puede, s\u00f3lo hay que ser perseverantes y no bajar los brazos, porque al final, cuando uno ve el resultado de tanto esfuerzo, realmente lo vale\u201d.&nbsp;<\/p>\n","protected":false},"excerpt":{"rendered":"<p>Facundo Adri\u00e1n Beauvais Lobo, naci\u00f3 hace 25 a\u00f1os en Basa\u00edl, localidad chaque\u00f1a ubicada al sudeste de la provincia del Chaco. Su hogar se encuentra a unos 7 km del pueblo, en una zona rural sobre la ruta nacional 11 llamado \u201cParaje km 34\u201d, cuya comunidad se compone de tan solo cincuenta familias de muy humilde &hellip;<\/p>\n","protected":false},"author":2,"featured_media":59766,"comment_status":"open","ping_status":"open","sticky":false,"template":"","format":"standard","meta":{"_jetpack_memberships_contains_paid_content":false,"footnotes":"","jetpack_publicize_message":"","jetpack_publicize_feature_enabled":true,"jetpack_social_post_already_shared":true,"jetpack_social_options":{"image_generator_settings":{"template":"highway","default_image_id":0,"font":"","enabled":false},"version":2}},"categories":[5,3],"tags":[],"class_list":["post-59765","post","type-post","status-publish","format-standard","has-post-thumbnail","hentry","category-chaco","category-sociedad"],"jetpack_publicize_connections":[],"jetpack_featured_media_url":"https:\/\/portalmovil.com.ar\/wp-content\/uploads\/2022\/07\/FacundoLoboBeauvais-8voegresadoPPI-UNNE1-696x583-1.jpg","jetpack_sharing_enabled":true,"amp_enabled":true,"_links":{"self":[{"href":"https:\/\/portalmovil.com.ar\/index.php\/wp-json\/wp\/v2\/posts\/59765","targetHints":{"allow":["GET"]}}],"collection":[{"href":"https:\/\/portalmovil.com.ar\/index.php\/wp-json\/wp\/v2\/posts"}],"about":[{"href":"https:\/\/portalmovil.com.ar\/index.php\/wp-json\/wp\/v2\/types\/post"}],"author":[{"embeddable":true,"href":"https:\/\/portalmovil.com.ar\/index.php\/wp-json\/wp\/v2\/users\/2"}],"replies":[{"embeddable":true,"href":"https:\/\/portalmovil.com.ar\/index.php\/wp-json\/wp\/v2\/comments?post=59765"}],"version-history":[{"count":1,"href":"https:\/\/portalmovil.com.ar\/index.php\/wp-json\/wp\/v2\/posts\/59765\/revisions"}],"predecessor-version":[{"id":59767,"href":"https:\/\/portalmovil.com.ar\/index.php\/wp-json\/wp\/v2\/posts\/59765\/revisions\/59767"}],"wp:featuredmedia":[{"embeddable":true,"href":"https:\/\/portalmovil.com.ar\/index.php\/wp-json\/wp\/v2\/media\/59766"}],"wp:attachment":[{"href":"https:\/\/portalmovil.com.ar\/index.php\/wp-json\/wp\/v2\/media?parent=59765"}],"wp:term":[{"taxonomy":"category","embeddable":true,"href":"https:\/\/portalmovil.com.ar\/index.php\/wp-json\/wp\/v2\/categories?post=59765"},{"taxonomy":"post_tag","embeddable":true,"href":"https:\/\/portalmovil.com.ar\/index.php\/wp-json\/wp\/v2\/tags?post=59765"}],"curies":[{"name":"wp","href":"https:\/\/api.w.org\/{rel}","templated":true}]}}