{"id":5976,"date":"2020-05-04T14:59:55","date_gmt":"2020-05-04T17:59:55","guid":{"rendered":"http:\/\/portalmovil.com.ar\/?p=5976"},"modified":"2020-05-04T15:00:00","modified_gmt":"2020-05-04T18:00:00","slug":"resistencia-la-justicia-federal-pide-que-citen-a-indagatoria-a-sampayo-tras-la-denuncia-del-intendente","status":"publish","type":"post","link":"https:\/\/portalmovil.com.ar\/index.php\/2020\/05\/04\/resistencia-la-justicia-federal-pide-que-citen-a-indagatoria-a-sampayo-tras-la-denuncia-del-intendente\/","title":{"rendered":"RESISTENCIA: La justicia federal pide que citen a indagatoria a Sampayo, tras la denuncia del Intendente"},"content":{"rendered":"\n<p>El fiscal de Primera Instancia, Patricio Sabadini y el fiscal General, Federico Carniel, ambos de la Justicia Federal, solicitaron la indagatoria del secretario General y el secretario Adjunto del Sindicato de Trabajadores Municipales, Jacinto Sampayo y Dario Sardi, respectivamente, por una serie de hechos relacionados al paro convocado por dicha organizaci\u00f3n gremial.<\/p>\n\n\n\n<p>Ambos, en un escrito remitido a la jueza Zunilda Niremperger, se\u00f1alan&nbsp;que hoy ingres\u00f3 una denuncia por parte del intendente de Resistencia, Gustavo Mart\u00ednez, en la cual se\u00f1ala que hubo una sola comunicaci\u00f3n por parte de los trabajadores sobre la realizaci\u00f3n de una medida de fuerza del personal de la Direcci\u00f3n de Tr\u00e1nsito por un hecho ocurrido el pasado 29 de abril lo que, seg\u00fan el asesor legal de la intendencia, \u201cdemuestra acabadamente la ilegalidad\u201d del paro.<\/p>\n\n\n\n<p>La denuncia de la intendencia detalla una serie de acciones que se tomaron a fin de prevenir el contagio de la enfermedad COVID \u2013 19 acorde a los instrimentos legales de la Naci\u00f3n y la provincia por lo que consideran que lo expuesto por los trabajadores de dicha direcci\u00f3n son aseveraciones falaces.<\/p>\n\n\n\n<p>Los fiscales destacan ademas lo expuesto por la intendencia referido a que \u201cla ilegal medida de fuerza a la que convoca el secretario del gremio municipal para que los empleados, entre ellos los que cumplen tareas en las \u00e1reas de recolecci\u00f3n de residuos\u201d representa una \u201cviolaci\u00f3n de medidas sanitarias contra una epidemia, previsto en el art\u00edculo 205 del C\u00f3digo Penal. Vale detallar que este art\u00edculo expresa que la comisi\u00f3n de este delito ser\u00e1 reprimido con prisi\u00f3n de seis meses a dos a\u00f1os.<\/p>\n\n\n\n<p>Esta denuncia fue cotejada por ambos fiscales&nbsp;por lo que se\u00f1alaron en su pedido de indagatoria \u201cque estamos en presencia de un hecho que involucra a los denunciados y cuyo accionar repercute directamente en el servicio de recolecci\u00f3n\u201d de residuos con&nbsp;las&nbsp;debidas&nbsp;consecuencias que&nbsp;esto puede generar.<\/p>\n\n\n\n<p>Ambos funcionarios judiciales tambi\u00e9n hacen referencia al audio viralizado por redes sociales en el cual el l\u00edder sindical convoca al cese de actividades, y advirtiendo a los afiliados del sindicato que en caso de que no apoyen la medida, ser\u00e1n expulsados, por supuesta \u201cdeslealtad sindical\u201d.<\/p>\n\n\n\n<p>Ante esto aseguran que esto obliga al cuerpo de trabajadores municipales, a adherirse a una medida, bajo apercibimiento de expulsarlos del sindicato, \u201cpriv\u00e1ndolos as\u00ed, de un derecho social adquirido, cristalizado en la Constituci\u00f3n Nacional\u201d.<\/p>\n","protected":false},"excerpt":{"rendered":"<p>El fiscal de Primera Instancia, Patricio Sabadini y el fiscal General, Federico Carniel, ambos de la Justicia Federal, solicitaron la indagatoria del secretario General y el secretario Adjunto del Sindicato de Trabajadores Municipales, Jacinto Sampayo y Dario Sardi, respectivamente, por una serie de hechos relacionados al paro convocado por dicha organizaci\u00f3n gremial. Ambos, en un &hellip;<\/p>\n","protected":false},"author":2,"featured_media":5977,"comment_status":"open","ping_status":"open","sticky":false,"template":"","format":"standard","meta":{"_jetpack_memberships_contains_paid_content":false,"footnotes":"","jetpack_publicize_message":"","jetpack_publicize_feature_enabled":true,"jetpack_social_post_already_shared":true,"jetpack_social_options":{"image_generator_settings":{"template":"highway","default_image_id":0,"font":"","enabled":false},"version":2}},"categories":[50,37],"tags":[],"class_list":["post-5976","post","type-post","status-publish","format-standard","has-post-thumbnail","hentry","category-judiciales","category-resistencia"],"jetpack_publicize_connections":[],"jetpack_featured_media_url":"https:\/\/portalmovil.com.ar\/wp-content\/uploads\/2020\/05\/unnamed-1.jpg","jetpack_sharing_enabled":true,"amp_enabled":true,"_links":{"self":[{"href":"https:\/\/portalmovil.com.ar\/index.php\/wp-json\/wp\/v2\/posts\/5976","targetHints":{"allow":["GET"]}}],"collection":[{"href":"https:\/\/portalmovil.com.ar\/index.php\/wp-json\/wp\/v2\/posts"}],"about":[{"href":"https:\/\/portalmovil.com.ar\/index.php\/wp-json\/wp\/v2\/types\/post"}],"author":[{"embeddable":true,"href":"https:\/\/portalmovil.com.ar\/index.php\/wp-json\/wp\/v2\/users\/2"}],"replies":[{"embeddable":true,"href":"https:\/\/portalmovil.com.ar\/index.php\/wp-json\/wp\/v2\/comments?post=5976"}],"version-history":[{"count":1,"href":"https:\/\/portalmovil.com.ar\/index.php\/wp-json\/wp\/v2\/posts\/5976\/revisions"}],"predecessor-version":[{"id":5978,"href":"https:\/\/portalmovil.com.ar\/index.php\/wp-json\/wp\/v2\/posts\/5976\/revisions\/5978"}],"wp:featuredmedia":[{"embeddable":true,"href":"https:\/\/portalmovil.com.ar\/index.php\/wp-json\/wp\/v2\/media\/5977"}],"wp:attachment":[{"href":"https:\/\/portalmovil.com.ar\/index.php\/wp-json\/wp\/v2\/media?parent=5976"}],"wp:term":[{"taxonomy":"category","embeddable":true,"href":"https:\/\/portalmovil.com.ar\/index.php\/wp-json\/wp\/v2\/categories?post=5976"},{"taxonomy":"post_tag","embeddable":true,"href":"https:\/\/portalmovil.com.ar\/index.php\/wp-json\/wp\/v2\/tags?post=5976"}],"curies":[{"name":"wp","href":"https:\/\/api.w.org\/{rel}","templated":true}]}}