{"id":59591,"date":"2022-07-14T20:25:53","date_gmt":"2022-07-14T23:25:53","guid":{"rendered":"https:\/\/portalmovil.com.ar\/?p=59591"},"modified":"2022-07-15T13:27:26","modified_gmt":"2022-07-15T16:27:26","slug":"zdero-propuso-a-olivello-como-su-posible-ministro-de-seguridad-no-mas-piquetes","status":"publish","type":"post","link":"https:\/\/portalmovil.com.ar\/index.php\/2022\/07\/14\/zdero-propuso-a-olivello-como-su-posible-ministro-de-seguridad-no-mas-piquetes\/","title":{"rendered":"Zdero propuso a Olivello como su posible Ministro de Seguridad: \u00abNo m\u00e1s piquetes\u00bb"},"content":{"rendered":"\n<p>El diputado provincial&nbsp;Leandro Zdero&nbsp;manifest\u00f3, en declaraciones radiales, que durante su gesti\u00f3n&nbsp;\u00abya no habr\u00e1 lugar para los piquetes\u00bb y adelant\u00f3 que convocar\u00eda a Gustavo Olivello para estar frente al Ministerio de Seguridad.&nbsp;\u00abLos chaque\u00f1os est\u00e1n hartos de esta situaci\u00f3n de la que nadie se hace cargo, y para eso, es importante generar trabajo y oportunidades para la gente\u00bb, expres\u00f3.<\/p>\n\n\n\n<p>El candidato radical entiende que lo unico que les interesa a los chaque\u00f1os son los piquetes, por lo que apela a las figuras p\u00fablicas como el Sub Oficial para sumar unos votos. <\/p>\n\n\n\n<p>La clase politica tanto oficialista y opositorias carecen de ideas, planes concretos que generen alternativas solidas a los chaque\u00f1os. Camino a las elecciones 2023, los candidatos ya inician su circo mediatico. <\/p>\n","protected":false},"excerpt":{"rendered":"<p>El diputado provincial&nbsp;Leandro Zdero&nbsp;manifest\u00f3, en declaraciones radiales, que durante su gesti\u00f3n&nbsp;\u00abya no habr\u00e1 lugar para los piquetes\u00bb y adelant\u00f3 que convocar\u00eda a Gustavo Olivello para estar frente al Ministerio de Seguridad.&nbsp;\u00abLos chaque\u00f1os est\u00e1n hartos de esta situaci\u00f3n de la que nadie se hace cargo, y para eso, es importante generar trabajo y oportunidades para la &hellip;<\/p>\n","protected":false},"author":1,"featured_media":59592,"comment_status":"open","ping_status":"open","sticky":false,"template":"","format":"standard","meta":{"_jetpack_memberships_contains_paid_content":false,"footnotes":"","jetpack_publicize_message":"","jetpack_publicize_feature_enabled":true,"jetpack_social_post_already_shared":true,"jetpack_social_options":{"image_generator_settings":{"template":"highway","default_image_id":0,"font":"","enabled":false},"version":2}},"categories":[5,14],"tags":[],"class_list":["post-59591","post","type-post","status-publish","format-standard","has-post-thumbnail","hentry","category-chaco","category-politica"],"jetpack_publicize_connections":[],"jetpack_featured_media_url":"https:\/\/portalmovil.com.ar\/wp-content\/uploads\/2022\/07\/gustavo_olivello.jpeg","jetpack_sharing_enabled":true,"amp_enabled":true,"_links":{"self":[{"href":"https:\/\/portalmovil.com.ar\/index.php\/wp-json\/wp\/v2\/posts\/59591","targetHints":{"allow":["GET"]}}],"collection":[{"href":"https:\/\/portalmovil.com.ar\/index.php\/wp-json\/wp\/v2\/posts"}],"about":[{"href":"https:\/\/portalmovil.com.ar\/index.php\/wp-json\/wp\/v2\/types\/post"}],"author":[{"embeddable":true,"href":"https:\/\/portalmovil.com.ar\/index.php\/wp-json\/wp\/v2\/users\/1"}],"replies":[{"embeddable":true,"href":"https:\/\/portalmovil.com.ar\/index.php\/wp-json\/wp\/v2\/comments?post=59591"}],"version-history":[{"count":2,"href":"https:\/\/portalmovil.com.ar\/index.php\/wp-json\/wp\/v2\/posts\/59591\/revisions"}],"predecessor-version":[{"id":59621,"href":"https:\/\/portalmovil.com.ar\/index.php\/wp-json\/wp\/v2\/posts\/59591\/revisions\/59621"}],"wp:featuredmedia":[{"embeddable":true,"href":"https:\/\/portalmovil.com.ar\/index.php\/wp-json\/wp\/v2\/media\/59592"}],"wp:attachment":[{"href":"https:\/\/portalmovil.com.ar\/index.php\/wp-json\/wp\/v2\/media?parent=59591"}],"wp:term":[{"taxonomy":"category","embeddable":true,"href":"https:\/\/portalmovil.com.ar\/index.php\/wp-json\/wp\/v2\/categories?post=59591"},{"taxonomy":"post_tag","embeddable":true,"href":"https:\/\/portalmovil.com.ar\/index.php\/wp-json\/wp\/v2\/tags?post=59591"}],"curies":[{"name":"wp","href":"https:\/\/api.w.org\/{rel}","templated":true}]}}