{"id":59437,"date":"2022-07-13T07:39:38","date_gmt":"2022-07-13T10:39:38","guid":{"rendered":"https:\/\/portalmovil.com.ar\/?p=59437"},"modified":"2022-07-13T08:44:09","modified_gmt":"2022-07-13T11:44:09","slug":"confirman-un-paro-de-colectivos-urbanos-en-resistencia","status":"publish","type":"post","link":"https:\/\/portalmovil.com.ar\/index.php\/2022\/07\/13\/confirman-un-paro-de-colectivos-urbanos-en-resistencia\/","title":{"rendered":"Confirman un paro de colectivos urbanos en Resistencia"},"content":{"rendered":"\n<p>Desde las 11 de la ma\u00f1ana de este mi\u00e9rcoles, no habr\u00e1 transporte p\u00fablico de pasajeros en Resistencia.<\/p>\n\n\n\n<p>Lo confirm\u00f3 el Secretario General de UTA, Seccional Chaco, se\u00f1or Ra\u00fal Abraham.<\/p>\n\n\n\n<figure class=\"wp-block-embed is-type-video is-provider-youtube wp-block-embed-youtube wp-embed-aspect-16-9 wp-has-aspect-ratio\"><div class=\"wp-block-embed__wrapper\">\n<iframe loading=\"lazy\" title=\"Colectivos: la UTA lanz\u00f3 un paro en las l\u00edneas urbanas\" width=\"500\" height=\"281\" src=\"https:\/\/www.youtube.com\/embed\/H9M46ohCA7U?feature=oembed\" frameborder=\"0\" allow=\"accelerometer; autoplay; clipboard-write; encrypted-media; gyroscope; picture-in-picture; web-share\" referrerpolicy=\"strict-origin-when-cross-origin\" allowfullscreen><\/iframe>\n<\/div><\/figure>\n\n\n\n<p>El gremialista llamo a una asamblea a todos los choferes de l\u00edneas urbanas en Av. Mac Lean y Av. Soberan\u00eda Nacional, a partir de las 11.<\/p>\n\n\n\n<p>&nbsp;La medida de fuerza afectar\u00e1 directamente a las l\u00edneas 2, 3, 5, 8, 9 y 12, todas ellas de jurisdicci\u00f3n capitalina.<\/p>\n","protected":false},"excerpt":{"rendered":"<p>Desde las 11 de la ma\u00f1ana de este mi\u00e9rcoles, no habr\u00e1 transporte p\u00fablico de pasajeros en Resistencia. Lo confirm\u00f3 el Secretario General de UTA, Seccional Chaco, se\u00f1or Ra\u00fal Abraham. El gremialista llamo a una asamblea a todos los choferes de l\u00edneas urbanas en Av. Mac Lean y Av. Soberan\u00eda Nacional, a partir de las 11. &hellip;<\/p>\n","protected":false},"author":2,"featured_media":18413,"comment_status":"open","ping_status":"open","sticky":false,"template":"","format":"standard","meta":{"_jetpack_memberships_contains_paid_content":false,"footnotes":"","jetpack_publicize_message":"","jetpack_publicize_feature_enabled":true,"jetpack_social_post_already_shared":true,"jetpack_social_options":{"image_generator_settings":{"template":"highway","default_image_id":0,"font":"","enabled":false},"version":2}},"categories":[28,37],"tags":[],"class_list":["post-59437","post","type-post","status-publish","format-standard","has-post-thumbnail","hentry","category-actualidad","category-resistencia"],"jetpack_publicize_connections":[],"jetpack_featured_media_url":"https:\/\/portalmovil.com.ar\/wp-content\/uploads\/2021\/01\/colectivos_1_74500_74500.jpg","jetpack_sharing_enabled":true,"amp_enabled":true,"_links":{"self":[{"href":"https:\/\/portalmovil.com.ar\/index.php\/wp-json\/wp\/v2\/posts\/59437","targetHints":{"allow":["GET"]}}],"collection":[{"href":"https:\/\/portalmovil.com.ar\/index.php\/wp-json\/wp\/v2\/posts"}],"about":[{"href":"https:\/\/portalmovil.com.ar\/index.php\/wp-json\/wp\/v2\/types\/post"}],"author":[{"embeddable":true,"href":"https:\/\/portalmovil.com.ar\/index.php\/wp-json\/wp\/v2\/users\/2"}],"replies":[{"embeddable":true,"href":"https:\/\/portalmovil.com.ar\/index.php\/wp-json\/wp\/v2\/comments?post=59437"}],"version-history":[{"count":7,"href":"https:\/\/portalmovil.com.ar\/index.php\/wp-json\/wp\/v2\/posts\/59437\/revisions"}],"predecessor-version":[{"id":59451,"href":"https:\/\/portalmovil.com.ar\/index.php\/wp-json\/wp\/v2\/posts\/59437\/revisions\/59451"}],"wp:featuredmedia":[{"embeddable":true,"href":"https:\/\/portalmovil.com.ar\/index.php\/wp-json\/wp\/v2\/media\/18413"}],"wp:attachment":[{"href":"https:\/\/portalmovil.com.ar\/index.php\/wp-json\/wp\/v2\/media?parent=59437"}],"wp:term":[{"taxonomy":"category","embeddable":true,"href":"https:\/\/portalmovil.com.ar\/index.php\/wp-json\/wp\/v2\/categories?post=59437"},{"taxonomy":"post_tag","embeddable":true,"href":"https:\/\/portalmovil.com.ar\/index.php\/wp-json\/wp\/v2\/tags?post=59437"}],"curies":[{"name":"wp","href":"https:\/\/api.w.org\/{rel}","templated":true}]}}