{"id":59418,"date":"2022-07-12T18:33:16","date_gmt":"2022-07-12T21:33:16","guid":{"rendered":"https:\/\/portalmovil.com.ar\/?p=59418"},"modified":"2022-07-13T09:52:37","modified_gmt":"2022-07-13T12:52:37","slug":"puerto-vilelas-realizo-la-mateada-patria-por-el-dia-de-la-independencia","status":"publish","type":"post","link":"https:\/\/portalmovil.com.ar\/index.php\/2022\/07\/12\/puerto-vilelas-realizo-la-mateada-patria-por-el-dia-de-la-independencia\/","title":{"rendered":"Puerto Vilelas realiz\u00f3 la \u201cMateada Patria\u201d por el D\u00eda de La Independencia"},"content":{"rendered":"\n<p>El pasado 9 de Julio, la Municipalidad de Puerto Vilelas, a trav\u00e9s de la Subsecretar\u00eda de Cultura y Educaci\u00f3n, llev\u00f3 adelante distintas actividades culturales en la plaza H\u00e9roes de Malvinas, con el objetivo de brindar una tarde repleta de expresiones y muestras culturales art\u00edsticas a la comunidad vilelense.<\/p>\n\n\n\n<p>Estas acciones tambi\u00e9n contaron con la colaboraci\u00f3n de la Secretar\u00eda de Industria, Empleo y Producci\u00f3n, la Subsecretar\u00eda de Deportes y el Club de Emprendedores Impulsamos la cultura vilelense, mostrando todo el potencial con el que contamos en pos de la felicidad de nuestros vecinos y vecinas, expres\u00f3 el subsecretario de Cultura y Educaci\u00f3n Leonardo Mosqueda al hacer referencia a esta actividad que tambi\u00e9n cont\u00f3 con entretenimiento de pintura y did\u00e1ctico.<\/p>\n\n\n\n<p>A continuaci\u00f3n, todos los n\u00fameros art\u00edsticos que participaron de esta actividad: Taller de Adultos Vida plena, Academia Naimik,&nbsp;Art\u00edstica Marisa Rivero, Academia milagros., Academia de Danzas Espa\u00f1olas Nayla D\u00edaz, Grupo Crecimiento, Grupo \u201cHasta la Ra\u00edz\u201d y distintos emprendedores locales.<\/p>\n\n\n\n<p>Fortaleciendo la cultura en Puerto Vilelas, estamos generando una mejor calidad de vida para la comunidad, finaliz\u00f3 Mosqueda.<\/p>\n","protected":false},"excerpt":{"rendered":"<p>El pasado 9 de Julio, la Municipalidad de Puerto Vilelas, a trav\u00e9s de la Subsecretar\u00eda de Cultura y Educaci\u00f3n, llev\u00f3 adelante distintas actividades culturales en la plaza H\u00e9roes de Malvinas, con el objetivo de brindar una tarde repleta de expresiones y muestras culturales art\u00edsticas a la comunidad vilelense. Estas acciones tambi\u00e9n contaron con la colaboraci\u00f3n &hellip;<\/p>\n","protected":false},"author":2,"featured_media":59419,"comment_status":"open","ping_status":"open","sticky":false,"template":"","format":"standard","meta":{"_jetpack_memberships_contains_paid_content":false,"footnotes":"","jetpack_publicize_message":"","jetpack_publicize_feature_enabled":true,"jetpack_social_post_already_shared":true,"jetpack_social_options":{"image_generator_settings":{"template":"highway","default_image_id":0,"font":"","enabled":false},"version":2}},"categories":[28,5],"tags":[],"class_list":["post-59418","post","type-post","status-publish","format-standard","has-post-thumbnail","hentry","category-actualidad","category-chaco"],"jetpack_publicize_connections":[],"jetpack_featured_media_url":"https:\/\/portalmovil.com.ar\/wp-content\/uploads\/2022\/07\/13ac5953-8b3b-467c-8bbd-11bd978022bc.jpg","jetpack_sharing_enabled":true,"amp_enabled":true,"_links":{"self":[{"href":"https:\/\/portalmovil.com.ar\/index.php\/wp-json\/wp\/v2\/posts\/59418","targetHints":{"allow":["GET"]}}],"collection":[{"href":"https:\/\/portalmovil.com.ar\/index.php\/wp-json\/wp\/v2\/posts"}],"about":[{"href":"https:\/\/portalmovil.com.ar\/index.php\/wp-json\/wp\/v2\/types\/post"}],"author":[{"embeddable":true,"href":"https:\/\/portalmovil.com.ar\/index.php\/wp-json\/wp\/v2\/users\/2"}],"replies":[{"embeddable":true,"href":"https:\/\/portalmovil.com.ar\/index.php\/wp-json\/wp\/v2\/comments?post=59418"}],"version-history":[{"count":2,"href":"https:\/\/portalmovil.com.ar\/index.php\/wp-json\/wp\/v2\/posts\/59418\/revisions"}],"predecessor-version":[{"id":59465,"href":"https:\/\/portalmovil.com.ar\/index.php\/wp-json\/wp\/v2\/posts\/59418\/revisions\/59465"}],"wp:featuredmedia":[{"embeddable":true,"href":"https:\/\/portalmovil.com.ar\/index.php\/wp-json\/wp\/v2\/media\/59419"}],"wp:attachment":[{"href":"https:\/\/portalmovil.com.ar\/index.php\/wp-json\/wp\/v2\/media?parent=59418"}],"wp:term":[{"taxonomy":"category","embeddable":true,"href":"https:\/\/portalmovil.com.ar\/index.php\/wp-json\/wp\/v2\/categories?post=59418"},{"taxonomy":"post_tag","embeddable":true,"href":"https:\/\/portalmovil.com.ar\/index.php\/wp-json\/wp\/v2\/tags?post=59418"}],"curies":[{"name":"wp","href":"https:\/\/api.w.org\/{rel}","templated":true}]}}