{"id":59328,"date":"2022-07-11T09:48:50","date_gmt":"2022-07-11T12:48:50","guid":{"rendered":"https:\/\/portalmovil.com.ar\/?p=59328"},"modified":"2022-07-11T09:48:55","modified_gmt":"2022-07-11T12:48:55","slug":"por-el-medio-ambiente-el-papa-llamo-a-comer-menos-carne","status":"publish","type":"post","link":"https:\/\/portalmovil.com.ar\/index.php\/2022\/07\/11\/por-el-medio-ambiente-el-papa-llamo-a-comer-menos-carne\/","title":{"rendered":"Por el medio ambiente, el Papa llam\u00f3 a comer menos carne"},"content":{"rendered":"\n<p>El papa Francisco afirm\u00f3 hoy que en algunos lugares del mundo \u00abser\u00eda conveniente consumir menos carne\u00bb para ayudar al medio ambiente, al tiempo que convoc\u00f3 a reducir tambi\u00e9n el uso de combustibles f\u00f3siles.<\/p>\n\n\n\n<p>\u00abEs urgente reducir el consumo no s\u00f3lo de combustibles f\u00f3siles, sino tambi\u00e9n de muchas cosas superfluas; e igualmente, en ciertas zonas del mundo, ser\u00eda conveniente consumir menos carne, esto tambi\u00e9n puede ayudar a salvar el medio ambiente\u00bb, plante\u00f3 el pont\u00edfice en un mensaje enviado a una conferencia de j\u00f3venes de la Uni\u00f3n Europea que se desarrolla en Praga hasta el mi\u00e9rcoles.<\/p>\n\n\n\n<p>En su mensaje, el Papa destac\u00f3 a los j\u00f3venes que \u00abmientras las generaciones anteriores hablaban mucho y conclu\u00edan poco, ustedes, en cambio, son capaces de tomar iniciativas concretas\u00bb.<\/p>\n\n\n\n<p>En 2015, el Papa public\u00f3 la enc\u00edclica Laudato si&#8217;, en la que plantea el concepto de \u00abecolog\u00eda integral\u00bb y considerada uno de los escritos m\u00e1s importantes sobre el tema de los \u00faltimos a\u00f1os.<\/p>\n\n\n\n<p>\u00abPor eso digo que este momento puede ser el adecuado. Si no consiguen darle la vuelta a esta tendencia autodestructiva, ser\u00e1 dif\u00edcil que otros lo hagan en el futuro\u00bb, los convoc\u00f3.<\/p>\n\n\n\n<p>\u00abNo se dejen seducir por las sirenas que proponen una vida de lujo reservada a una peque\u00f1a porci\u00f3n del mundo, ojal\u00e1 que tengan ojos grandes para ver al resto de la humanidad en su conjunto, que no se reduce a la peque\u00f1a Europa; que aspiren a una vida digna y sobria, sin lujos ni derroches, para que todos puedan habitar el mundo con dignidad\u00bb, pidi\u00f3 Francisco.<\/p>\n\n\n\n<p>El Papa tambi\u00e9n llam\u00f3 a los j\u00f3venes europeos a \u00abno dejarse arrastrar por ideolog\u00edas miopes que quieren mostraros al otro, al que es diferente, como un enemigo\u00bb.<\/p>\n\n\n\n<p>\u00abEl otro es una riqueza. La experiencia de millones de estudiantes europeos que han participado en el Proyecto Erasmus atestigua que los encuentros entre personas de diferentes pueblos ayudan a abrir los ojos, la mente y el coraz\u00f3n\u00bb, plante\u00f3 al destacar el programa de intercambio estudiantil entre los pa\u00edses miembros del bloque regional.<\/p>\n\n\n\n<p>\u00abNo se discrimina a nadie, por ning\u00fan motivo. Ser solidario con todos, no s\u00f3lo con los que se parecen a m\u00ed, o muestran una imagen de \u00e9xito, sino con aquellos que sufren, sin importar su nacionalidad o condici\u00f3n social\u00bb, ponder\u00f3 Jorge Bergoglio en el mensaje dado a conocer por la oficina de Prensa de la Santa Sede.<\/p>\n","protected":false},"excerpt":{"rendered":"<p>El papa Francisco afirm\u00f3 hoy que en algunos lugares del mundo \u00abser\u00eda conveniente consumir menos carne\u00bb para ayudar al medio ambiente, al tiempo que convoc\u00f3 a reducir tambi\u00e9n el uso de combustibles f\u00f3siles. \u00abEs urgente reducir el consumo no s\u00f3lo de combustibles f\u00f3siles, sino tambi\u00e9n de muchas cosas superfluas; e igualmente, en ciertas zonas del &hellip;<\/p>\n","protected":false},"author":2,"featured_media":18703,"comment_status":"open","ping_status":"open","sticky":false,"template":"","format":"standard","meta":{"_jetpack_memberships_contains_paid_content":false,"footnotes":"","jetpack_publicize_message":"","jetpack_publicize_feature_enabled":true,"jetpack_social_post_already_shared":true,"jetpack_social_options":{"image_generator_settings":{"template":"highway","default_image_id":0,"font":"","enabled":false},"version":2}},"categories":[17],"tags":[],"class_list":["post-59328","post","type-post","status-publish","format-standard","has-post-thumbnail","hentry","category-mundo"],"jetpack_publicize_connections":[],"jetpack_featured_media_url":"https:\/\/portalmovil.com.ar\/wp-content\/uploads\/2021\/01\/papa1.jpg","jetpack_sharing_enabled":true,"amp_enabled":true,"_links":{"self":[{"href":"https:\/\/portalmovil.com.ar\/index.php\/wp-json\/wp\/v2\/posts\/59328","targetHints":{"allow":["GET"]}}],"collection":[{"href":"https:\/\/portalmovil.com.ar\/index.php\/wp-json\/wp\/v2\/posts"}],"about":[{"href":"https:\/\/portalmovil.com.ar\/index.php\/wp-json\/wp\/v2\/types\/post"}],"author":[{"embeddable":true,"href":"https:\/\/portalmovil.com.ar\/index.php\/wp-json\/wp\/v2\/users\/2"}],"replies":[{"embeddable":true,"href":"https:\/\/portalmovil.com.ar\/index.php\/wp-json\/wp\/v2\/comments?post=59328"}],"version-history":[{"count":1,"href":"https:\/\/portalmovil.com.ar\/index.php\/wp-json\/wp\/v2\/posts\/59328\/revisions"}],"predecessor-version":[{"id":59329,"href":"https:\/\/portalmovil.com.ar\/index.php\/wp-json\/wp\/v2\/posts\/59328\/revisions\/59329"}],"wp:featuredmedia":[{"embeddable":true,"href":"https:\/\/portalmovil.com.ar\/index.php\/wp-json\/wp\/v2\/media\/18703"}],"wp:attachment":[{"href":"https:\/\/portalmovil.com.ar\/index.php\/wp-json\/wp\/v2\/media?parent=59328"}],"wp:term":[{"taxonomy":"category","embeddable":true,"href":"https:\/\/portalmovil.com.ar\/index.php\/wp-json\/wp\/v2\/categories?post=59328"},{"taxonomy":"post_tag","embeddable":true,"href":"https:\/\/portalmovil.com.ar\/index.php\/wp-json\/wp\/v2\/tags?post=59328"}],"curies":[{"name":"wp","href":"https:\/\/api.w.org\/{rel}","templated":true}]}}