{"id":59313,"date":"2022-07-10T20:09:01","date_gmt":"2022-07-10T23:09:01","guid":{"rendered":"https:\/\/portalmovil.com.ar\/?p=59313"},"modified":"2022-07-10T20:09:03","modified_gmt":"2022-07-10T23:09:03","slug":"la-semana-laboral-comenzaria-con-lluvias-y-descenso-de-la-temperatura","status":"publish","type":"post","link":"https:\/\/portalmovil.com.ar\/index.php\/2022\/07\/10\/la-semana-laboral-comenzaria-con-lluvias-y-descenso-de-la-temperatura\/","title":{"rendered":"La semana laboral comenzar\u00eda con lluvias y descenso de la temperatura"},"content":{"rendered":"\n<p>El tard\u00edo \u201cveranillo de San Juan\u201d que se vive en la regi\u00f3n tiene fecha de vencimiento. Seg\u00fan el Servicio Meteorol\u00f3gico Nacional, a partir de este lunes los registros t\u00e9rmicos volver\u00edan a acomodarse a la \u00e9poca del a\u00f1o, tras algunas precipitaciones que se producir\u00edan en el inicio de la semana laboral.<\/p>\n\n\n\n<p>Para lo que resta de este domingo, se espera un aumento de la nubosidad y una temperatura en torno a los 22\u00b0.<\/p>\n\n\n\n<p>Esta tendencia se consolidar\u00eda con el transcurrir de las horas del lunes y para el mediod\u00eda aumentan considerablemente las probabilidades de que se produzcan tormentas en Resistencia y zonas aleda\u00f1as a la capital provincial. Al igual que en las \u00faltimas jornadas, se esperan r\u00e1fagas de viento de considerable intensidad, en principio provenientes del sector norte pero luego rotando hacia el sur.<\/p>\n\n\n\n<p>El martes volver\u00eda el fr\u00edo. Para ese d\u00eda, el Servicio Meteorol\u00f3gico Nacional prev\u00e9 una temperatura m\u00ednima de 8\u00b0 y una m\u00e1xima que no llegar\u00eda a los 20\u00b0.<\/p>\n\n\n\n<p>Sin mayores probabilidades de que se produzcan nuevas precipitaciones, estos registros t\u00e9rmicos, en promedio, se mantendr\u00edan hacia el pr\u00f3ximo fin de semana aunque podr\u00eda darse un leve aumento de la temperatura.<\/p>\n","protected":false},"excerpt":{"rendered":"<p>El tard\u00edo \u201cveranillo de San Juan\u201d que se vive en la regi\u00f3n tiene fecha de vencimiento. Seg\u00fan el Servicio Meteorol\u00f3gico Nacional, a partir de este lunes los registros t\u00e9rmicos volver\u00edan a acomodarse a la \u00e9poca del a\u00f1o, tras algunas precipitaciones que se producir\u00edan en el inicio de la semana laboral. Para lo que resta de &hellip;<\/p>\n","protected":false},"author":2,"featured_media":50072,"comment_status":"open","ping_status":"open","sticky":false,"template":"","format":"standard","meta":{"_jetpack_memberships_contains_paid_content":false,"footnotes":"","jetpack_publicize_message":"","jetpack_publicize_feature_enabled":true,"jetpack_social_post_already_shared":true,"jetpack_social_options":{"image_generator_settings":{"template":"highway","default_image_id":0,"font":"","enabled":false},"version":2}},"categories":[28,5],"tags":[],"class_list":["post-59313","post","type-post","status-publish","format-standard","has-post-thumbnail","hentry","category-actualidad","category-chaco"],"jetpack_publicize_connections":[],"jetpack_featured_media_url":"https:\/\/portalmovil.com.ar\/wp-content\/uploads\/2022\/02\/240786w620h450.jpg","jetpack_sharing_enabled":true,"amp_enabled":true,"_links":{"self":[{"href":"https:\/\/portalmovil.com.ar\/index.php\/wp-json\/wp\/v2\/posts\/59313","targetHints":{"allow":["GET"]}}],"collection":[{"href":"https:\/\/portalmovil.com.ar\/index.php\/wp-json\/wp\/v2\/posts"}],"about":[{"href":"https:\/\/portalmovil.com.ar\/index.php\/wp-json\/wp\/v2\/types\/post"}],"author":[{"embeddable":true,"href":"https:\/\/portalmovil.com.ar\/index.php\/wp-json\/wp\/v2\/users\/2"}],"replies":[{"embeddable":true,"href":"https:\/\/portalmovil.com.ar\/index.php\/wp-json\/wp\/v2\/comments?post=59313"}],"version-history":[{"count":1,"href":"https:\/\/portalmovil.com.ar\/index.php\/wp-json\/wp\/v2\/posts\/59313\/revisions"}],"predecessor-version":[{"id":59314,"href":"https:\/\/portalmovil.com.ar\/index.php\/wp-json\/wp\/v2\/posts\/59313\/revisions\/59314"}],"wp:featuredmedia":[{"embeddable":true,"href":"https:\/\/portalmovil.com.ar\/index.php\/wp-json\/wp\/v2\/media\/50072"}],"wp:attachment":[{"href":"https:\/\/portalmovil.com.ar\/index.php\/wp-json\/wp\/v2\/media?parent=59313"}],"wp:term":[{"taxonomy":"category","embeddable":true,"href":"https:\/\/portalmovil.com.ar\/index.php\/wp-json\/wp\/v2\/categories?post=59313"},{"taxonomy":"post_tag","embeddable":true,"href":"https:\/\/portalmovil.com.ar\/index.php\/wp-json\/wp\/v2\/tags?post=59313"}],"curies":[{"name":"wp","href":"https:\/\/api.w.org\/{rel}","templated":true}]}}