{"id":59191,"date":"2022-07-08T12:26:49","date_gmt":"2022-07-08T15:26:49","guid":{"rendered":"https:\/\/portalmovil.com.ar\/?p=59191"},"modified":"2022-07-08T12:26:53","modified_gmt":"2022-07-08T15:26:53","slug":"en-argentina-podria-faltar-cafe-en-los-proximos-45-dias-segun-los-fabricantes","status":"publish","type":"post","link":"https:\/\/portalmovil.com.ar\/index.php\/2022\/07\/08\/en-argentina-podria-faltar-cafe-en-los-proximos-45-dias-segun-los-fabricantes\/","title":{"rendered":"En Argentina podr\u00eda faltar caf\u00e9 en los pr\u00f3ximos 45 d\u00edas, seg\u00fan los fabricantes"},"content":{"rendered":"\n<p><strong>La situaci\u00f3n puede darse en 45 d\u00edas y se debe a la traba a las importaciones. Desde el sector informan que la materia prima es 100% importada y el cupo que les otorga el gobierno no alcanza para abastecer la demanda.<\/strong><\/p>\n\n\n\n<p>Los rubros de las&nbsp;cadenas de cafeter\u00edas y los fabricantes de caf\u00e9&nbsp;son uno de los sectores mas afectados por&nbsp;las trabas a las importaciones.&nbsp;Los empresarios advirtieron&nbsp;<strong>que podr\u00eda haber faltante de caf\u00e9 en 30 o 45 d\u00edas.<\/strong><\/p>\n\n\n\n<p>\u00abSi la situaci\u00f3n se mantiene y no podemos abastecer a los locales,&nbsp;<strong>la facturaci\u00f3n caer\u00eda un 45%\u00bb<\/strong>, dijo&nbsp;<strong>Marcelo Salas<\/strong>,&nbsp;<strong>due\u00f1o de la cadena Caf\u00e9 Mart\u00ednez<\/strong>&nbsp;&nbsp;en di\u00e1logo con<strong>&nbsp;Jorge Lanata<\/strong>, en&nbsp;<em>Radio Mitre.<\/em><\/p>\n\n\n\n<p><strong>Esto se debe a que&nbsp;en la Argentina no se producen los granos de caf\u00e9 que luego pasan a ser molidos y envasados por los fabricantes locales.<\/strong><\/p>\n\n\n\n<p>Los empresarios informaron que si siguen&nbsp;restringido a\u00fan m\u00e1s el poco cupo que hab\u00eda,&nbsp;<strong>habr\u00e1 faltante de caf\u00e9 en los pr\u00f3ximos 30 o 45 d\u00edas&nbsp;y temen aumentar los precios ya que cientos de consumidores no podr\u00e1n pagar ni&nbsp;una merienda.<\/strong><\/p>\n\n\n\n<p>Es por esto que, las empresas de caf\u00e9 decidieron disminuir&nbsp;los productos que son vendidos en los supermercados y restringirse a abastecer los locales comerciales.<\/p>\n\n\n\n<p>Actualmente, est\u00e1n a la espera para poder reunirse<strong>,<\/strong>&nbsp;junto a otros empresarios del sector, junto a&nbsp;<strong>Daniel Scioli,<\/strong>&nbsp;<strong>ministro de Desarrollo Productivo.<\/strong><\/p>\n","protected":false},"excerpt":{"rendered":"<p>La situaci\u00f3n puede darse en 45 d\u00edas y se debe a la traba a las importaciones. Desde el sector informan que la materia prima es 100% importada y el cupo que les otorga el gobierno no alcanza para abastecer la demanda. Los rubros de las&nbsp;cadenas de cafeter\u00edas y los fabricantes de caf\u00e9&nbsp;son uno de los &hellip;<\/p>\n","protected":false},"author":2,"featured_media":59192,"comment_status":"open","ping_status":"open","sticky":false,"template":"","format":"standard","meta":{"_jetpack_memberships_contains_paid_content":false,"footnotes":"","jetpack_publicize_message":"","jetpack_publicize_feature_enabled":true,"jetpack_social_post_already_shared":true,"jetpack_social_options":{"image_generator_settings":{"template":"highway","default_image_id":0,"font":"","enabled":false},"version":2}},"categories":[28,639],"tags":[],"class_list":["post-59191","post","type-post","status-publish","format-standard","has-post-thumbnail","hentry","category-actualidad","category-argentina"],"jetpack_publicize_connections":[],"jetpack_featured_media_url":"https:\/\/portalmovil.com.ar\/wp-content\/uploads\/2022\/07\/QANDAANZMBH43PNCFZCU5G3CWU.jpeg","jetpack_sharing_enabled":true,"amp_enabled":true,"_links":{"self":[{"href":"https:\/\/portalmovil.com.ar\/index.php\/wp-json\/wp\/v2\/posts\/59191","targetHints":{"allow":["GET"]}}],"collection":[{"href":"https:\/\/portalmovil.com.ar\/index.php\/wp-json\/wp\/v2\/posts"}],"about":[{"href":"https:\/\/portalmovil.com.ar\/index.php\/wp-json\/wp\/v2\/types\/post"}],"author":[{"embeddable":true,"href":"https:\/\/portalmovil.com.ar\/index.php\/wp-json\/wp\/v2\/users\/2"}],"replies":[{"embeddable":true,"href":"https:\/\/portalmovil.com.ar\/index.php\/wp-json\/wp\/v2\/comments?post=59191"}],"version-history":[{"count":1,"href":"https:\/\/portalmovil.com.ar\/index.php\/wp-json\/wp\/v2\/posts\/59191\/revisions"}],"predecessor-version":[{"id":59193,"href":"https:\/\/portalmovil.com.ar\/index.php\/wp-json\/wp\/v2\/posts\/59191\/revisions\/59193"}],"wp:featuredmedia":[{"embeddable":true,"href":"https:\/\/portalmovil.com.ar\/index.php\/wp-json\/wp\/v2\/media\/59192"}],"wp:attachment":[{"href":"https:\/\/portalmovil.com.ar\/index.php\/wp-json\/wp\/v2\/media?parent=59191"}],"wp:term":[{"taxonomy":"category","embeddable":true,"href":"https:\/\/portalmovil.com.ar\/index.php\/wp-json\/wp\/v2\/categories?post=59191"},{"taxonomy":"post_tag","embeddable":true,"href":"https:\/\/portalmovil.com.ar\/index.php\/wp-json\/wp\/v2\/tags?post=59191"}],"curies":[{"name":"wp","href":"https:\/\/api.w.org\/{rel}","templated":true}]}}