{"id":5907,"date":"2020-05-02T01:27:46","date_gmt":"2020-05-02T04:27:46","guid":{"rendered":"http:\/\/portalmovil.com.ar\/?p=5907"},"modified":"2020-05-02T01:27:54","modified_gmt":"2020-05-02T04:27:54","slug":"analizan-extender-el-bono-ife-y-ayudar-a-mas-empresas-a-pagar-sueldos","status":"publish","type":"post","link":"https:\/\/portalmovil.com.ar\/index.php\/2020\/05\/02\/analizan-extender-el-bono-ife-y-ayudar-a-mas-empresas-a-pagar-sueldos\/","title":{"rendered":"Analizan extender el bono IFE y ayudar a m\u00e1s empresas a pagar sueldos"},"content":{"rendered":"\n<p>Con el tiempo que le juega en contra debido a que muchas empresas liquidan los sueldos a fin de mes,&nbsp;el Gobierno informar\u00eda en las pr\u00f3ximas horas la segunda tanda de empresas a las que se ayudar\u00e1 para pagar los sueldos de abril.<\/p>\n\n\n\n<p>La semana pasada fueron autorizadas 158.000 que emplean a 1,6 mill\u00f3n de trabajadores y&nbsp;durante estos \u00faltimos d\u00edas se analizaron los pedidos de firmas con m\u00e1s de 800 empleados, que se anunciar\u00edan en breve, confirmaron fuentes oficiales. El n\u00famero de compa\u00f1\u00edas inscriptas fue de 420.000, de las cuales fueron beneficiadas poco m\u00e1s de un tercio.<\/p>\n\n\n\n<p>Una de las posibilidades es que se anuncie el dato al t\u00e9rmino de la reuni\u00f3n del gabinete econ\u00f3mico que comenz\u00f3 a las 18 en la Casa Rosada, pero tambi\u00e9n podr\u00eda quedar para la semana pr\u00f3xima. En esos casos, habr\u00e1 mayores dificultades para la liquidaci\u00f3n de sueldos, ya que ni siquiera saben si su caso fue aprobado para recibir el salario complementario por su n\u00f3mina salarial. La Anses prev\u00e9 hacer el pago a las CBU de cada trabajador el jueves pr\u00f3ximo.<\/p>\n\n\n\n<p>Vale recordar que la ayuda ser\u00e1 el 50% del salario neto de febrero de cada trabajador, con un piso de un salario m\u00ednimo, vital y m\u00f3vil ($16.875), y un techo de dos salarios m\u00ednimos ($33.750). En los casos de firmas que a\u00fan no recibieron la notificaci\u00f3n de la AFIP y liquidaron los sueldos esta semana, lo hicieron en base a un c\u00e1lculo estimativo en funci\u00f3n de lo que creen les depositar\u00e1 el organismo previsional a los empleados la semana pr\u00f3xima.<\/p>\n\n\n\n<p>Pero luego deber\u00e1n hacer los respectivos ajustes. La nueva tanda de empresas que ser\u00e1n informadas deber\u00e1n tom\u00e1rselo a cuenta del salario de mayo o liquidar los sueldos con posterioridad al 7.<\/p>\n\n\n\n<p>El gabinete econ\u00f3mico analizar\u00e1 estas cifras y tambi\u00e9n discutir\u00e1 qu\u00e9 pasar\u00e1 no s\u00f3lo con el programa de Asistencia al Trabajo y la Producci\u00f3n (ATP), sino tambi\u00e9n con el Ingreso Familiar de Emergencia (IFE), que los beneficiarios est\u00e1n cobrando muy lentamente. Fuentes oficiales aseguraron a&nbsp;Infobae&nbsp;que&nbsp;lo m\u00e1s probable es que ambos programas contin\u00faen porque la cuarentena se extendi\u00f3&nbsp;hasta el 10 de mayo, y seguramente seguir\u00e1 luego de esa fecha.<\/p>\n\n\n\n<p>Pero desde el Gobierno dejaron trascender que podr\u00edan no continuar de la misma manera, ya que \u201chay varias actividades que se est\u00e1n flexibilizando\u201d en las distintas provincias, por lo que no sufrir\u00e1n en mayo la misma situaci\u00f3n en materia de ingresos. Lo mismo suceder\u00e1 con las profesiones independientes, que paulatinamente, y con los cuidados sanitarios correspondientes, se est\u00e1n permitiendo en las localidades con menos de 500.000 habitantes. Una de las actividades que fue permitida en varias provincias, por ejemplo, es la construcci\u00f3n privada.<\/p>\n\n\n\n<p>Pero, por lo pronto, lo que preocupa son los problemas de implementaci\u00f3n que ambos esquemas de beneficios tuvieron. En el caso del salario complementario, la falta de informaci\u00f3n de la AFIP a las empresas beneficiadas en tiempo y forma; y en el caso del IFE, que reci\u00e9n est\u00e1n terminando de cobrar los $10.000 los beneficiarios que tienen cuenta bancaria, y ya arranca mayo.<\/p>\n\n\n\n<p>De todos modos, ya la Anses hab\u00eda informado que quienes no tienen CBU empezar\u00edan a percibir el dinero a partir del 6 de mayo.<\/p>\n\n\n\n<p>La administraci\u00f3n de los tiempos de este programa fue uno de los disparadores del pedido de renuncia del jefe de Gabinete, Santiago Cafiero, al hasta ayer titular del organismo previsional, Alejandro Vanoli. La cantidad de beneficiarios super\u00f3 enormemente lo estimado: de 3,6 millones de personas calculadas inicialmente, finalmente el n\u00famero ascendi\u00f3 a 8,9 millones.<\/p>\n\n\n\n<p>FUENTE INFORMATIVA: INFOBAE<\/p>\n","protected":false},"excerpt":{"rendered":"<p>Con el tiempo que le juega en contra debido a que muchas empresas liquidan los sueldos a fin de mes,&nbsp;el Gobierno informar\u00eda en las pr\u00f3ximas horas la segunda tanda de empresas a las que se ayudar\u00e1 para pagar los sueldos de abril. La semana pasada fueron autorizadas 158.000 que emplean a 1,6 mill\u00f3n de trabajadores &hellip;<\/p>\n","protected":false},"author":2,"featured_media":5656,"comment_status":"open","ping_status":"open","sticky":false,"template":"","format":"standard","meta":{"_jetpack_memberships_contains_paid_content":false,"footnotes":"","jetpack_publicize_message":"","jetpack_publicize_feature_enabled":true,"jetpack_social_post_already_shared":true,"jetpack_social_options":{"image_generator_settings":{"template":"highway","default_image_id":0,"font":"","enabled":false},"version":2}},"categories":[12],"tags":[],"class_list":["post-5907","post","type-post","status-publish","format-standard","has-post-thumbnail","hentry","category-ultimo"],"jetpack_publicize_connections":[],"jetpack_featured_media_url":"https:\/\/portalmovil.com.ar\/wp-content\/uploads\/2020\/04\/0037515735.jpg","jetpack_sharing_enabled":true,"amp_enabled":true,"_links":{"self":[{"href":"https:\/\/portalmovil.com.ar\/index.php\/wp-json\/wp\/v2\/posts\/5907","targetHints":{"allow":["GET"]}}],"collection":[{"href":"https:\/\/portalmovil.com.ar\/index.php\/wp-json\/wp\/v2\/posts"}],"about":[{"href":"https:\/\/portalmovil.com.ar\/index.php\/wp-json\/wp\/v2\/types\/post"}],"author":[{"embeddable":true,"href":"https:\/\/portalmovil.com.ar\/index.php\/wp-json\/wp\/v2\/users\/2"}],"replies":[{"embeddable":true,"href":"https:\/\/portalmovil.com.ar\/index.php\/wp-json\/wp\/v2\/comments?post=5907"}],"version-history":[{"count":1,"href":"https:\/\/portalmovil.com.ar\/index.php\/wp-json\/wp\/v2\/posts\/5907\/revisions"}],"predecessor-version":[{"id":5908,"href":"https:\/\/portalmovil.com.ar\/index.php\/wp-json\/wp\/v2\/posts\/5907\/revisions\/5908"}],"wp:featuredmedia":[{"embeddable":true,"href":"https:\/\/portalmovil.com.ar\/index.php\/wp-json\/wp\/v2\/media\/5656"}],"wp:attachment":[{"href":"https:\/\/portalmovil.com.ar\/index.php\/wp-json\/wp\/v2\/media?parent=5907"}],"wp:term":[{"taxonomy":"category","embeddable":true,"href":"https:\/\/portalmovil.com.ar\/index.php\/wp-json\/wp\/v2\/categories?post=5907"},{"taxonomy":"post_tag","embeddable":true,"href":"https:\/\/portalmovil.com.ar\/index.php\/wp-json\/wp\/v2\/tags?post=5907"}],"curies":[{"name":"wp","href":"https:\/\/api.w.org\/{rel}","templated":true}]}}