{"id":59035,"date":"2022-07-05T17:01:53","date_gmt":"2022-07-05T20:01:53","guid":{"rendered":"https:\/\/portalmovil.com.ar\/?p=59035"},"modified":"2022-07-05T17:51:05","modified_gmt":"2022-07-05T20:51:05","slug":"de-policia-a-politico-gustavo-olivello-quiere-ser-intendente-de-resistencia","status":"publish","type":"post","link":"https:\/\/portalmovil.com.ar\/index.php\/2022\/07\/05\/de-policia-a-politico-gustavo-olivello-quiere-ser-intendente-de-resistencia\/","title":{"rendered":"De Polic\u00eda a Pol\u00edtico: Gustavo Olivello quiere ser Intendente de Resistencia"},"content":{"rendered":"\n<p>El suboficial Mayor Gustavo Hugo Olivello, se retir\u00f3 de la Polic\u00eda del Chaco con todos los honores, tras permanecer 31 a\u00f1os activo. &nbsp;<\/p>\n\n\n\n<figure class=\"wp-block-image size-large\"><img loading=\"lazy\" decoding=\"async\" width=\"941\" height=\"1024\" src=\"https:\/\/portalmovil.com.ar\/wp-content\/uploads\/2022\/07\/a2a2b838-9a6f-4a66-813e-9d00b6121160-941x1024.jpg\" alt=\"\" class=\"wp-image-59036\" srcset=\"https:\/\/portalmovil.com.ar\/wp-content\/uploads\/2022\/07\/a2a2b838-9a6f-4a66-813e-9d00b6121160-941x1024.jpg 941w, https:\/\/portalmovil.com.ar\/wp-content\/uploads\/2022\/07\/a2a2b838-9a6f-4a66-813e-9d00b6121160-276x300.jpg 276w, https:\/\/portalmovil.com.ar\/wp-content\/uploads\/2022\/07\/a2a2b838-9a6f-4a66-813e-9d00b6121160-768x836.jpg 768w, https:\/\/portalmovil.com.ar\/wp-content\/uploads\/2022\/07\/a2a2b838-9a6f-4a66-813e-9d00b6121160.jpg 1080w\" sizes=\"auto, (max-width: 941px) 100vw, 941px\" \/><\/figure>\n\n\n\n<p>Olivello agradeci\u00f3 a la instituci\u00f3n por los a\u00f1os de trabajo, a quien dedic\u00f3 su compromiso por brindar seguridad a la&nbsp;comunidad, y principalmente al Sr jefe de Polic\u00eda, Crio Gral Ariel Alejandro Acu\u00f1a (R).&nbsp;<\/p>\n\n\n\n<figure class=\"wp-block-image size-large\"><img loading=\"lazy\" decoding=\"async\" width=\"1024\" height=\"682\" src=\"https:\/\/portalmovil.com.ar\/wp-content\/uploads\/2022\/07\/1cd5035e-2fa8-466d-9894-f8c38782607c-1024x682.jpg\" alt=\"\" class=\"wp-image-59037\" srcset=\"https:\/\/portalmovil.com.ar\/wp-content\/uploads\/2022\/07\/1cd5035e-2fa8-466d-9894-f8c38782607c-1024x682.jpg 1024w, https:\/\/portalmovil.com.ar\/wp-content\/uploads\/2022\/07\/1cd5035e-2fa8-466d-9894-f8c38782607c-300x200.jpg 300w, https:\/\/portalmovil.com.ar\/wp-content\/uploads\/2022\/07\/1cd5035e-2fa8-466d-9894-f8c38782607c-768x512.jpg 768w, https:\/\/portalmovil.com.ar\/wp-content\/uploads\/2022\/07\/1cd5035e-2fa8-466d-9894-f8c38782607c.jpg 1280w\" sizes=\"auto, (max-width: 1024px) 100vw, 1024px\" \/><\/figure>\n\n\n\n<p>\u201cNunca dejar\u00e9 de ser un polic\u00eda porque tengo marcado en el alma a mi instituci\u00f3n y lo llevar\u00e9 marcado hasta el \u00faltimo d\u00eda de mi existencia\u201d, dijo.&nbsp;<\/p>\n\n\n\n<p>El suboficial (R) conocido como funcionario Policial y tambi\u00e9n como conductor del Programa Alerta Urbana que se emite por redes sociales y Radio Gualamba, lanz\u00f3 p\u00fablicamente sus intenciones de meterse en la politica.\u00a0<\/p>\n\n\n\n<p>El Polic\u00eda&nbsp;sostuvo que, recibi\u00f3 mucha propuesta de diferentes espacios pol\u00edtico y que desde su lugar buscar\u00e1 el voto de confianza&nbsp;\u201cHoy Resistencia necesita m\u00e1s&nbsp;cambios, ocupar\u00e9 el lugar que me asigne la gente\u201d&nbsp;<\/p>\n\n\n\n<figure class=\"wp-block-image size-large\"><img loading=\"lazy\" decoding=\"async\" width=\"1024\" height=\"678\" src=\"https:\/\/portalmovil.com.ar\/wp-content\/uploads\/2022\/07\/131594316_1815607291923041_7978191379047164773_n-1024x678.jpg\" alt=\"\" class=\"wp-image-59038\" srcset=\"https:\/\/portalmovil.com.ar\/wp-content\/uploads\/2022\/07\/131594316_1815607291923041_7978191379047164773_n-1024x678.jpg 1024w, https:\/\/portalmovil.com.ar\/wp-content\/uploads\/2022\/07\/131594316_1815607291923041_7978191379047164773_n-300x199.jpg 300w, https:\/\/portalmovil.com.ar\/wp-content\/uploads\/2022\/07\/131594316_1815607291923041_7978191379047164773_n-768x508.jpg 768w, https:\/\/portalmovil.com.ar\/wp-content\/uploads\/2022\/07\/131594316_1815607291923041_7978191379047164773_n.jpg 1280w\" sizes=\"auto, (max-width: 1024px) 100vw, 1024px\" \/><\/figure>\n\n\n\n<p>Cabe recordar que Gustavo Olivello, fue Subsecretario de Prevenci\u00f3n y Seguridad en Abordaje Territorial en el \u00e1rea del Ministerio de Gobierno en 2020, por la actual gesti\u00f3n provincial. Posteriormente, Jorge Capitanich decidi\u00f3 apartarlo del cargo por el pedido de grupos piqueteros. &nbsp;<\/p>\n\n\n\n<figure class=\"wp-block-image size-full\"><img loading=\"lazy\" decoding=\"async\" width=\"960\" height=\"640\" src=\"https:\/\/portalmovil.com.ar\/wp-content\/uploads\/2022\/07\/125921047_3209671769158510_2263885895791739814_n.jpg\" alt=\"\" class=\"wp-image-59040\" srcset=\"https:\/\/portalmovil.com.ar\/wp-content\/uploads\/2022\/07\/125921047_3209671769158510_2263885895791739814_n.jpg 960w, https:\/\/portalmovil.com.ar\/wp-content\/uploads\/2022\/07\/125921047_3209671769158510_2263885895791739814_n-300x200.jpg 300w, https:\/\/portalmovil.com.ar\/wp-content\/uploads\/2022\/07\/125921047_3209671769158510_2263885895791739814_n-768x512.jpg 768w\" sizes=\"auto, (max-width: 960px) 100vw, 960px\" \/><\/figure>\n\n\n\n<figure class=\"wp-block-image size-large\"><img loading=\"lazy\" decoding=\"async\" width=\"1024\" height=\"473\" src=\"https:\/\/portalmovil.com.ar\/wp-content\/uploads\/2022\/07\/125469143_1867405460082659_5385426975326251040_n-1024x473.jpg\" alt=\"\" class=\"wp-image-59041\" srcset=\"https:\/\/portalmovil.com.ar\/wp-content\/uploads\/2022\/07\/125469143_1867405460082659_5385426975326251040_n-1024x473.jpg 1024w, https:\/\/portalmovil.com.ar\/wp-content\/uploads\/2022\/07\/125469143_1867405460082659_5385426975326251040_n-300x139.jpg 300w, https:\/\/portalmovil.com.ar\/wp-content\/uploads\/2022\/07\/125469143_1867405460082659_5385426975326251040_n-768x355.jpg 768w, https:\/\/portalmovil.com.ar\/wp-content\/uploads\/2022\/07\/125469143_1867405460082659_5385426975326251040_n.jpg 1280w\" sizes=\"auto, (max-width: 1024px) 100vw, 1024px\" \/><\/figure>\n","protected":false},"excerpt":{"rendered":"<p>El suboficial Mayor Gustavo Hugo Olivello, se retir\u00f3 de la Polic\u00eda del Chaco con todos los honores, tras permanecer 31 a\u00f1os activo. &nbsp; Olivello agradeci\u00f3 a la instituci\u00f3n por los a\u00f1os de trabajo, a quien dedic\u00f3 su compromiso por brindar seguridad a la&nbsp;comunidad, y principalmente al Sr jefe de Polic\u00eda, Crio Gral Ariel Alejandro Acu\u00f1a &hellip;<\/p>\n","protected":false},"author":2,"featured_media":59042,"comment_status":"open","ping_status":"open","sticky":false,"template":"","format":"standard","meta":{"_jetpack_memberships_contains_paid_content":false,"footnotes":"","jetpack_publicize_message":"","jetpack_publicize_feature_enabled":true,"jetpack_social_post_already_shared":true,"jetpack_social_options":{"image_generator_settings":{"template":"highway","default_image_id":0,"font":"","enabled":false},"version":2}},"categories":[8,14,37],"tags":[],"class_list":["post-59035","post","type-post","status-publish","format-standard","has-post-thumbnail","hentry","category-policiales","category-politica","category-resistencia"],"jetpack_publicize_connections":[],"jetpack_featured_media_url":"https:\/\/portalmovil.com.ar\/wp-content\/uploads\/2022\/07\/128070993_717230878903571_8170383370981313990_n.jpg","jetpack_sharing_enabled":true,"amp_enabled":true,"_links":{"self":[{"href":"https:\/\/portalmovil.com.ar\/index.php\/wp-json\/wp\/v2\/posts\/59035","targetHints":{"allow":["GET"]}}],"collection":[{"href":"https:\/\/portalmovil.com.ar\/index.php\/wp-json\/wp\/v2\/posts"}],"about":[{"href":"https:\/\/portalmovil.com.ar\/index.php\/wp-json\/wp\/v2\/types\/post"}],"author":[{"embeddable":true,"href":"https:\/\/portalmovil.com.ar\/index.php\/wp-json\/wp\/v2\/users\/2"}],"replies":[{"embeddable":true,"href":"https:\/\/portalmovil.com.ar\/index.php\/wp-json\/wp\/v2\/comments?post=59035"}],"version-history":[{"count":4,"href":"https:\/\/portalmovil.com.ar\/index.php\/wp-json\/wp\/v2\/posts\/59035\/revisions"}],"predecessor-version":[{"id":59049,"href":"https:\/\/portalmovil.com.ar\/index.php\/wp-json\/wp\/v2\/posts\/59035\/revisions\/59049"}],"wp:featuredmedia":[{"embeddable":true,"href":"https:\/\/portalmovil.com.ar\/index.php\/wp-json\/wp\/v2\/media\/59042"}],"wp:attachment":[{"href":"https:\/\/portalmovil.com.ar\/index.php\/wp-json\/wp\/v2\/media?parent=59035"}],"wp:term":[{"taxonomy":"category","embeddable":true,"href":"https:\/\/portalmovil.com.ar\/index.php\/wp-json\/wp\/v2\/categories?post=59035"},{"taxonomy":"post_tag","embeddable":true,"href":"https:\/\/portalmovil.com.ar\/index.php\/wp-json\/wp\/v2\/tags?post=59035"}],"curies":[{"name":"wp","href":"https:\/\/api.w.org\/{rel}","templated":true}]}}