{"id":59025,"date":"2022-07-05T13:58:44","date_gmt":"2022-07-05T16:58:44","guid":{"rendered":"https:\/\/portalmovil.com.ar\/?p=59025"},"modified":"2022-07-05T13:58:45","modified_gmt":"2022-07-05T16:58:45","slug":"resistencia-organiza-un-nuevo-fin-semana-tuerca-en-el-autodromo-santiago-yaco-guarnieri","status":"publish","type":"post","link":"https:\/\/portalmovil.com.ar\/index.php\/2022\/07\/05\/resistencia-organiza-un-nuevo-fin-semana-tuerca-en-el-autodromo-santiago-yaco-guarnieri\/","title":{"rendered":"Resistencia organiza un nuevo fin semana \u201ctuerca\u201d en el Aut\u00f3dromo \u201cSantiago Yaco Guarnieri\u201d"},"content":{"rendered":"\n<p>El Aut\u00f3dromo del Pueblo \u201cSantiago Yaco Guarnieri\u201d ser\u00e1 escenario de la Copa Ciudad, la nueva propuesta \u201ctuerca\u201d, libre y gratuita para la regi\u00f3n. Organizada por la Asociaci\u00f3n de Pilotos de Karting (Apikart), este s\u00e1bado 9 y domingo 10 de julio, se iniciar\u00e1 una competencia de automovilismo, la primera de cuatro fechas. Tambi\u00e9n habr\u00e1 exhibici\u00f3n por parte de renombrados motociclistas que compiten a nivel nacional e internacional. Desde las 9 y hasta las 18 horas se podr\u00e1n apreciar las pruebas y disfrutar del predio recuperado por Gustavo para la comunidad.<\/p>\n\n\n\n<p>El subsecretario de Deportes y Actividad F\u00edsica Urbana municipal, Federico Maza, dijo que \u201cnuevamente Resistencia ofrece una agenda de actividades del deporte motor en nuestro querido aut\u00f3dromo, con un evento de primer nivel y con la presencia de pilotos locales y regionales\u201d.<\/p>\n\n\n\n<p>Rescat\u00f3 al aporte del intendente Gustavo Mart\u00ednez \u201cpor poner en valor esto que se ven\u00eda trabajando para darle el empuje que necesitaba\u201d, en relaci\u00f3n al \u201cYaco Guarnieri\u201d.<\/p>\n\n\n\n<p>Adelant\u00f3 que se brindar\u00e1 al p\u00fablico un gran espect\u00e1culo. \u201cEs algo que nos impulsa a seguir creciendo, generando a la vez pol\u00edticas econ\u00f3micas en lo concerniente a favorecer a los emprendedores\u201d, dijo.<\/p>\n\n\n\n<h3 class=\"wp-block-heading\">Torneo y Track Day<\/h3>\n\n\n\n<p>Por su parte, Zen\u00f3n S\u00e1nchez, presidente de Apikart, explic\u00f3 que \u201cser\u00e1 un minicampeonato de autos dividido en cuatro fechas, contaremos con equipos de seguridad, t\u00e9cnicos y el apoyo municipal, todos unidos para levantar el Yaco\u201d.<\/p>\n\n\n\n<p>Las categor\u00edas que participar\u00e1n del mismo ser\u00e1n monomarca Fiat 128, Turismo 1.600, TC 4000 chaque\u00f1o, SBK 1000 y 600 S\u00faper Sport.<\/p>\n\n\n\n<p>Mientras que el campe\u00f3n argentino de motociclismo de pista, Ramiro Gandola, se\u00f1al\u00f3 que \u201choy tener el aut\u00f3dromo es muy lindo para los que nos gusta el deporte motor\u201d. El reconocido deportista har\u00e1 una demostraci\u00f3n con su m\u00e1quina de la categor\u00eda Superbike.<\/p>\n\n\n\n<p>Asimismo, otro grande del deporte motor en dos ruedas, Alberto Salom, acompa\u00f1ado por su hijo y tambi\u00e9n piloto, Sebasti\u00e1n, estar\u00e1 a cargo del denominado \u201ctrack day\u201d, es decir tandas libres para los conductores de motos.<\/p>\n\n\n\n<p>\u201cLa reactivaci\u00f3n del aut\u00f3dromo es impresionante, y por eso agradezco al Intendente por esta invitaci\u00f3n, en la cual haremos giros libres, cl\u00ednicas de manejo y t\u00e9cnicas que les pueden servir como m\u00e9todos seguros para conducir y reducir as\u00ed los accidentes\u201d, expres\u00f3.<\/p>\n","protected":false},"excerpt":{"rendered":"<p>El Aut\u00f3dromo del Pueblo \u201cSantiago Yaco Guarnieri\u201d ser\u00e1 escenario de la Copa Ciudad, la nueva propuesta \u201ctuerca\u201d, libre y gratuita para la regi\u00f3n. Organizada por la Asociaci\u00f3n de Pilotos de Karting (Apikart), este s\u00e1bado 9 y domingo 10 de julio, se iniciar\u00e1 una competencia de automovilismo, la primera de cuatro fechas. Tambi\u00e9n habr\u00e1 exhibici\u00f3n por &hellip;<\/p>\n","protected":false},"author":2,"featured_media":59026,"comment_status":"open","ping_status":"open","sticky":false,"template":"","format":"standard","meta":{"_jetpack_memberships_contains_paid_content":false,"footnotes":"","jetpack_publicize_message":"","jetpack_publicize_feature_enabled":true,"jetpack_social_post_already_shared":true,"jetpack_social_options":{"image_generator_settings":{"template":"highway","default_image_id":0,"font":"","enabled":false},"version":2}},"categories":[37,3],"tags":[],"class_list":["post-59025","post","type-post","status-publish","format-standard","has-post-thumbnail","hentry","category-resistencia","category-sociedad"],"jetpack_publicize_connections":[],"jetpack_featured_media_url":"https:\/\/portalmovil.com.ar\/wp-content\/uploads\/2022\/07\/62c453371c0c1320412142-scaled.jpg","jetpack_sharing_enabled":true,"amp_enabled":true,"_links":{"self":[{"href":"https:\/\/portalmovil.com.ar\/index.php\/wp-json\/wp\/v2\/posts\/59025","targetHints":{"allow":["GET"]}}],"collection":[{"href":"https:\/\/portalmovil.com.ar\/index.php\/wp-json\/wp\/v2\/posts"}],"about":[{"href":"https:\/\/portalmovil.com.ar\/index.php\/wp-json\/wp\/v2\/types\/post"}],"author":[{"embeddable":true,"href":"https:\/\/portalmovil.com.ar\/index.php\/wp-json\/wp\/v2\/users\/2"}],"replies":[{"embeddable":true,"href":"https:\/\/portalmovil.com.ar\/index.php\/wp-json\/wp\/v2\/comments?post=59025"}],"version-history":[{"count":1,"href":"https:\/\/portalmovil.com.ar\/index.php\/wp-json\/wp\/v2\/posts\/59025\/revisions"}],"predecessor-version":[{"id":59027,"href":"https:\/\/portalmovil.com.ar\/index.php\/wp-json\/wp\/v2\/posts\/59025\/revisions\/59027"}],"wp:featuredmedia":[{"embeddable":true,"href":"https:\/\/portalmovil.com.ar\/index.php\/wp-json\/wp\/v2\/media\/59026"}],"wp:attachment":[{"href":"https:\/\/portalmovil.com.ar\/index.php\/wp-json\/wp\/v2\/media?parent=59025"}],"wp:term":[{"taxonomy":"category","embeddable":true,"href":"https:\/\/portalmovil.com.ar\/index.php\/wp-json\/wp\/v2\/categories?post=59025"},{"taxonomy":"post_tag","embeddable":true,"href":"https:\/\/portalmovil.com.ar\/index.php\/wp-json\/wp\/v2\/tags?post=59025"}],"curies":[{"name":"wp","href":"https:\/\/api.w.org\/{rel}","templated":true}]}}