{"id":58981,"date":"2022-07-04T15:28:55","date_gmt":"2022-07-04T18:28:55","guid":{"rendered":"https:\/\/portalmovil.com.ar\/?p=58981"},"modified":"2022-07-04T15:28:57","modified_gmt":"2022-07-04T18:28:57","slug":"mejoramos-la-infraestructura-para-una-bienal-en-la-que-esperamos-llegar-al-millon-de-visitantes","status":"publish","type":"post","link":"https:\/\/portalmovil.com.ar\/index.php\/2022\/07\/04\/mejoramos-la-infraestructura-para-una-bienal-en-la-que-esperamos-llegar-al-millon-de-visitantes\/","title":{"rendered":"\u201cMejoramos la infraestructura para una Bienal en la que esperamos llegar al mill\u00f3n de visitantes\u00bb"},"content":{"rendered":"\n<p>El intendente de Resistencia, Gustavo Mart\u00ednez, destac\u00f3 el avance de las obras que se ejecutan en el Parque 2 de Febrero y el Domo del Centenario, con vistas a la pr\u00f3xima Bienal de Esculturas a realizarse del 16 al 23 de julio pr\u00f3ximo.<\/p>\n\n\n\n<p>\u201cHemos intervenido en diversos sectores del Parque 2 de Febrero como de la pista de atletismo y parte del Domo\u201d, expuso el Intendente durante la recorrida efectuada este lunes y ponder\u00f3 el trabajo conjunto \u201cde distintas \u00e1reas del Municipio, como ser las direcciones generales de Obras por Administraci\u00f3n, Pavimento y Conservaci\u00f3n, Energ\u00eda Urbana, Desag\u00fces y el equipo H\u00e1bitat Obras\u201d.<\/p>\n\n\n\n<p>\u201cEstamos muy cerca de la Bienal y por eso intensificamos la recuperaci\u00f3n y refacci\u00f3n integral, junto a la fundaci\u00f3n Urunday que nos plante\u00f3 sus necesidades, manteniendo el protocolo con las normas ISO\u201d, observ\u00f3.<\/p>\n\n\n\n<h3 class=\"wp-block-heading\">Mayor accesibilidad<\/h3>\n\n\n\n<p>Asimismo, hizo hincapi\u00e9 en que \u201ccon estas obras obtendremos mayor accesibilidad ya que mejoraron los paseos, barandas, m\u00e1s iluminaci\u00f3n con nuevos tableros y un renovado sistema de desag\u00fces con m\u00e1s c\u00e1maras, bocas de registro y alcantarillas\u201d.<\/p>\n\n\n\n<p>\u201cTodo est\u00e1 saneado, trabajamos en el escenario central del Parque que es el Anfiteatro, adem\u00e1s de nuevos senderos y mejoramos la pista de skate y la entrada por avenida \u00c1valos, que estar\u00e1 abierta para que la gente pueda ingresar por all\u00ed para dirigirse a la Bienal\u201d.<\/p>\n\n\n\n<p>Destac\u00f3 que la inversi\u00f3n en esta obra encarada junto a la Provincia: \u201cPara poner en valor la transformaci\u00f3n de este sector, habilitaremos todos los servicios y el predio se lucir\u00e1 para recibir a los miles de turistas que visitar\u00e1n Resistencia\u201d.<\/p>\n\n\n\n<p>\u201cQueremos que se sientan en el mejor de los escenarios, la Bienal 2022 tendr\u00e1 muchos eventos complementarios, libres y gratuitos, recitales, expositores, paseos gastron\u00f3micos y cerveceros\u201d, apunt\u00f3.<\/p>\n\n\n\n<p>Y tuvo un p\u00e1rrafo especial para Fabriciano G\u00f3mez, al se\u00f1alar que \u201cser\u00e1 una de las mejores bienales de la historia y en honor a un hombre que fue protagonista de la construcci\u00f3n de la identidad de Resistencia en el mundo\u201d.<\/p>\n\n\n\n<h3 class=\"wp-block-heading\">M\u00e1s obras<\/h3>\n\n\n\n<p>Dentro de las tareas que se ejecutan en la amplia zona, el Jefe comunal detall\u00f3 que el sector del Paseo Costanero ser\u00e1 tambi\u00e9n mejorado. \u201cTrabajamos en la costa y en el r\u00edo Negro con dos dragas, adem\u00e1s que en la orilla habr\u00e1 eventos ligados al reciclaje y contaremos con artistas pl\u00e1sticos\u201d, indic\u00f3.<\/p>\n\n\n\n<p>Tambi\u00e9n hizo menci\u00f3n a las obras realizadas en el Anfiteatro donde se pintaron las paredes de un color blanco opaco, que servir\u00e1 como receptor de im\u00e1genes y podr\u00e1 funcionar como una gran pantalla gigante.<\/p>\n\n\n\n<p>En cuanto a las especies arb\u00f3reas del Parque, se ejecutan trabajos de alteo de copa y desparasitaci\u00f3n para mejorar las mismas, adem\u00e1s de la poda responsable y sanaci\u00f3n.<\/p>\n\n\n\n<p>En cuanto al estacionamiento, se eval\u00faan alternativas, entre las que se cuenta con otra entrada por avenida \u00c1valos, pero a su vez pidi\u00f3 a los vecinos y vecinas de Resistencia que pueden llegar hasta la Bienal caminando, evitando de esta manera la congesti\u00f3n vehicular.<\/p>\n\n\n\n<h3 class=\"wp-block-heading\">Apoyo al turismo<\/h3>\n\n\n\n<p>En esa sinton\u00eda, se\u00f1al\u00f3 que se espera una gran afluencia de turistas, considerando que habr\u00e1 hoteler\u00eda completa, por lo que est\u00e1n poniendo en condiciones el Aut\u00f3dromo Municipal para que funcione como sector de camping.<\/p>\n\n\n\n<p>\u201cApostamos al gran desarrollo tur\u00edstico, econ\u00f3mico y cultural de la ciudad, en la \u00faltima Bienal de 2018 asistieron cerca de 650 mil personas, ahora esperamos llegar al mill\u00f3n\u201d, subray\u00f3.<\/p>\n","protected":false},"excerpt":{"rendered":"<p>El intendente de Resistencia, Gustavo Mart\u00ednez, destac\u00f3 el avance de las obras que se ejecutan en el Parque 2 de Febrero y el Domo del Centenario, con vistas a la pr\u00f3xima Bienal de Esculturas a realizarse del 16 al 23 de julio pr\u00f3ximo. \u201cHemos intervenido en diversos sectores del Parque 2 de Febrero como de &hellip;<\/p>\n","protected":false},"author":2,"featured_media":58982,"comment_status":"open","ping_status":"open","sticky":false,"template":"","format":"standard","meta":{"_jetpack_memberships_contains_paid_content":false,"footnotes":"","jetpack_publicize_message":"","jetpack_publicize_feature_enabled":true,"jetpack_social_post_already_shared":true,"jetpack_social_options":{"image_generator_settings":{"template":"highway","default_image_id":0,"font":"","enabled":false},"version":2}},"categories":[8,37],"tags":[],"class_list":["post-58981","post","type-post","status-publish","format-standard","has-post-thumbnail","hentry","category-policiales","category-resistencia"],"jetpack_publicize_connections":[],"jetpack_featured_media_url":"https:\/\/portalmovil.com.ar\/wp-content\/uploads\/2022\/07\/62c30754f0e51673108281.jpg","jetpack_sharing_enabled":true,"amp_enabled":true,"_links":{"self":[{"href":"https:\/\/portalmovil.com.ar\/index.php\/wp-json\/wp\/v2\/posts\/58981","targetHints":{"allow":["GET"]}}],"collection":[{"href":"https:\/\/portalmovil.com.ar\/index.php\/wp-json\/wp\/v2\/posts"}],"about":[{"href":"https:\/\/portalmovil.com.ar\/index.php\/wp-json\/wp\/v2\/types\/post"}],"author":[{"embeddable":true,"href":"https:\/\/portalmovil.com.ar\/index.php\/wp-json\/wp\/v2\/users\/2"}],"replies":[{"embeddable":true,"href":"https:\/\/portalmovil.com.ar\/index.php\/wp-json\/wp\/v2\/comments?post=58981"}],"version-history":[{"count":1,"href":"https:\/\/portalmovil.com.ar\/index.php\/wp-json\/wp\/v2\/posts\/58981\/revisions"}],"predecessor-version":[{"id":58983,"href":"https:\/\/portalmovil.com.ar\/index.php\/wp-json\/wp\/v2\/posts\/58981\/revisions\/58983"}],"wp:featuredmedia":[{"embeddable":true,"href":"https:\/\/portalmovil.com.ar\/index.php\/wp-json\/wp\/v2\/media\/58982"}],"wp:attachment":[{"href":"https:\/\/portalmovil.com.ar\/index.php\/wp-json\/wp\/v2\/media?parent=58981"}],"wp:term":[{"taxonomy":"category","embeddable":true,"href":"https:\/\/portalmovil.com.ar\/index.php\/wp-json\/wp\/v2\/categories?post=58981"},{"taxonomy":"post_tag","embeddable":true,"href":"https:\/\/portalmovil.com.ar\/index.php\/wp-json\/wp\/v2\/tags?post=58981"}],"curies":[{"name":"wp","href":"https:\/\/api.w.org\/{rel}","templated":true}]}}