{"id":5890,"date":"2020-05-01T20:14:30","date_gmt":"2020-05-01T23:14:30","guid":{"rendered":"http:\/\/portalmovil.com.ar\/?p=5890"},"modified":"2020-05-01T20:14:33","modified_gmt":"2020-05-01T23:14:33","slug":"chaco-nueva-muerte-por-coronavirus-se-trata-de-un-hombre-de-33-anos","status":"publish","type":"post","link":"https:\/\/portalmovil.com.ar\/index.php\/2020\/05\/01\/chaco-nueva-muerte-por-coronavirus-se-trata-de-un-hombre-de-33-anos\/","title":{"rendered":"CHACO: Nueva muerte por coronavirus, se trata de un hombre de 33 a\u00f1os"},"content":{"rendered":"\n<p>Una persona de 33 a\u00f1os es la v\u00edctima fatal n\u00famero 15 con coronavirus que se registra en el Chaco. Se trata de un hombre que estaba internado en grave estado desde hace 45 d\u00edas en la unidad de terapia intensiva en un sanatorio privado de Resistencia.<\/p>\n\n\n\n<p>Seg\u00fan fuentes oficiales confirmaron Portal Movil, la victima con domicilio en General Mansilla (Formosa) tuvo un accidente laboral en Puerto Eva Per\u00f3n, por lo que fue derivado a la capital provincial para su tratamiento. As\u00ed, permaneci\u00f3 internado durante un mes y medio, oportunidad en la que habr\u00eda tenido contacto con otro de los fallecidos con COVID-19 (un hombre de 45 a\u00f1os) y se habr\u00eda contagiado el virus.<\/p>\n\n\n\n<p>Epidemiol\u00f3gicamente, el paciente estaba registrado en Puerto Eva Per\u00f3n (Chaco), porque comparten c\u00f3digo postal con la vecina localidad formose\u00f1a de General Mansilla. S\u00f3lo el r\u00edo Bermejo, en el este de ambas provincias, divide a ambas localidades. Tras el accidente y su internaci\u00f3n, el hombre hab\u00eda sufrido la amputaci\u00f3n de una de sus piernas y desde el ingreso al sanatorio su estado de salud siempre fue grave.<\/p>\n","protected":false},"excerpt":{"rendered":"<p>Una persona de 33 a\u00f1os es la v\u00edctima fatal n\u00famero 15 con coronavirus que se registra en el Chaco. Se trata de un hombre que estaba internado en grave estado desde hace 45 d\u00edas en la unidad de terapia intensiva en un sanatorio privado de Resistencia. Seg\u00fan fuentes oficiales confirmaron Portal Movil, la victima con &hellip;<\/p>\n","protected":false},"author":2,"featured_media":5891,"comment_status":"open","ping_status":"open","sticky":false,"template":"","format":"standard","meta":{"_jetpack_memberships_contains_paid_content":false,"footnotes":"","jetpack_publicize_message":"","jetpack_publicize_feature_enabled":true,"jetpack_social_post_already_shared":true,"jetpack_social_options":{"image_generator_settings":{"template":"highway","default_image_id":0,"font":"","enabled":false},"version":2}},"categories":[5,37,46],"tags":[],"class_list":["post-5890","post","type-post","status-publish","format-standard","has-post-thumbnail","hentry","category-chaco","category-resistencia","category-salud"],"jetpack_publicize_connections":[],"jetpack_featured_media_url":"https:\/\/portalmovil.com.ar\/wp-content\/uploads\/2020\/05\/204251w980.jpg","jetpack_sharing_enabled":true,"amp_enabled":true,"_links":{"self":[{"href":"https:\/\/portalmovil.com.ar\/index.php\/wp-json\/wp\/v2\/posts\/5890","targetHints":{"allow":["GET"]}}],"collection":[{"href":"https:\/\/portalmovil.com.ar\/index.php\/wp-json\/wp\/v2\/posts"}],"about":[{"href":"https:\/\/portalmovil.com.ar\/index.php\/wp-json\/wp\/v2\/types\/post"}],"author":[{"embeddable":true,"href":"https:\/\/portalmovil.com.ar\/index.php\/wp-json\/wp\/v2\/users\/2"}],"replies":[{"embeddable":true,"href":"https:\/\/portalmovil.com.ar\/index.php\/wp-json\/wp\/v2\/comments?post=5890"}],"version-history":[{"count":1,"href":"https:\/\/portalmovil.com.ar\/index.php\/wp-json\/wp\/v2\/posts\/5890\/revisions"}],"predecessor-version":[{"id":5892,"href":"https:\/\/portalmovil.com.ar\/index.php\/wp-json\/wp\/v2\/posts\/5890\/revisions\/5892"}],"wp:featuredmedia":[{"embeddable":true,"href":"https:\/\/portalmovil.com.ar\/index.php\/wp-json\/wp\/v2\/media\/5891"}],"wp:attachment":[{"href":"https:\/\/portalmovil.com.ar\/index.php\/wp-json\/wp\/v2\/media?parent=5890"}],"wp:term":[{"taxonomy":"category","embeddable":true,"href":"https:\/\/portalmovil.com.ar\/index.php\/wp-json\/wp\/v2\/categories?post=5890"},{"taxonomy":"post_tag","embeddable":true,"href":"https:\/\/portalmovil.com.ar\/index.php\/wp-json\/wp\/v2\/tags?post=5890"}],"curies":[{"name":"wp","href":"https:\/\/api.w.org\/{rel}","templated":true}]}}