{"id":58858,"date":"2022-07-01T19:32:42","date_gmt":"2022-07-01T22:32:42","guid":{"rendered":"https:\/\/portalmovil.com.ar\/?p=58858"},"modified":"2022-07-01T19:32:45","modified_gmt":"2022-07-01T22:32:45","slug":"festival-cultural-por-la-biblioteca-mariano-moreno-en-barranqueras","status":"publish","type":"post","link":"https:\/\/portalmovil.com.ar\/index.php\/2022\/07\/01\/festival-cultural-por-la-biblioteca-mariano-moreno-en-barranqueras\/","title":{"rendered":"Festival Cultural por la biblioteca Mariano Moreno en Barranqueras"},"content":{"rendered":"\n<p>Este <em>s\u00e1bado 2 de julio a partir de las 10hs<\/em> se llevar\u00e1 adelante un Festival Cultural en beneficio de la Biblioteca Popular Mariano Moreno de la localidad, la cual sufri\u00f3 importantes p\u00e9rdidas tras el incendio en el edificio municipal.<\/p>\n\n\n\n<p><em>El evento ser\u00e1 en el Centro Cultural Camalote, en la calle Lestani 4925<\/em> y la iniciativa, abierta a todo p\u00fablico, busca <em>recolectar libros nuevos o usados en buen estado<\/em> para rearmar la biblioteca de cara a su reconstrucci\u00f3n, por lo que invitan a acercarse con libros nuevos o usados en buen estado para donar.<\/p>\n\n\n\n<p>GRILLA:<br>La actividad comienza a las 10hs con una feria de emprendedores y a partir de las 12hs habr\u00e1 food trucks para disfrutar de comida local, junto con un un show de stand up, de la mano de Freddy S\u00e1nchez.<\/p>\n\n\n\n<p>A partir de las 14hs habr\u00e1 una muestra de karate y 14.30hs comenzar\u00e1n las de dibujo y pintura, junto con los talleres a cargo de la Direcci\u00f3n de Artes Visuales y un Club de Anim\u00e9.<\/p>\n\n\n\n<p>A las 15hs habr\u00e1 un muestra de acrobacias a\u00e9reas y 15.30hs muestra de los alumnos de guitarra y canto, bater\u00eda y piano. El cierre ser\u00e1 a las 16hs con un show de teatro y circo y a las 17hs sonar\u00e1 en vivo \u00abQue suene cumbia\u00bb para disfrutar de un gran final.<\/p>\n\n\n\n<p>Desde la Coordinaci\u00f3n de Juventud y Familia a cargo de Nicol\u00e1s Su\u00e1rez, extienden la invitaci\u00f3n a toda la comunidad \u00abpara disfrutar de un s\u00e1bado familiar y mediante una actividad solidaria para nuestra biblioteca tan emblem\u00e1tica c\u00f3mo lo es la Mariano Moreno\u00bb, dijo Su\u00e1rez.<\/p>\n","protected":false},"excerpt":{"rendered":"<p>Este s\u00e1bado 2 de julio a partir de las 10hs se llevar\u00e1 adelante un Festival Cultural en beneficio de la Biblioteca Popular Mariano Moreno de la localidad, la cual sufri\u00f3 importantes p\u00e9rdidas tras el incendio en el edificio municipal. El evento ser\u00e1 en el Centro Cultural Camalote, en la calle Lestani 4925 y la iniciativa, &hellip;<\/p>\n","protected":false},"author":2,"featured_media":58859,"comment_status":"open","ping_status":"open","sticky":false,"template":"","format":"standard","meta":{"_jetpack_memberships_contains_paid_content":false,"footnotes":"","jetpack_publicize_message":"","jetpack_publicize_feature_enabled":true,"jetpack_social_post_already_shared":true,"jetpack_social_options":{"image_generator_settings":{"template":"highway","default_image_id":0,"font":"","enabled":false},"version":2}},"categories":[28,5],"tags":[],"class_list":["post-58858","post","type-post","status-publish","format-standard","has-post-thumbnail","hentry","category-actualidad","category-chaco"],"jetpack_publicize_connections":[],"jetpack_featured_media_url":"https:\/\/portalmovil.com.ar\/wp-content\/uploads\/2022\/07\/IMG-20220630-WA0147.jpg","jetpack_sharing_enabled":true,"amp_enabled":true,"_links":{"self":[{"href":"https:\/\/portalmovil.com.ar\/index.php\/wp-json\/wp\/v2\/posts\/58858","targetHints":{"allow":["GET"]}}],"collection":[{"href":"https:\/\/portalmovil.com.ar\/index.php\/wp-json\/wp\/v2\/posts"}],"about":[{"href":"https:\/\/portalmovil.com.ar\/index.php\/wp-json\/wp\/v2\/types\/post"}],"author":[{"embeddable":true,"href":"https:\/\/portalmovil.com.ar\/index.php\/wp-json\/wp\/v2\/users\/2"}],"replies":[{"embeddable":true,"href":"https:\/\/portalmovil.com.ar\/index.php\/wp-json\/wp\/v2\/comments?post=58858"}],"version-history":[{"count":1,"href":"https:\/\/portalmovil.com.ar\/index.php\/wp-json\/wp\/v2\/posts\/58858\/revisions"}],"predecessor-version":[{"id":58860,"href":"https:\/\/portalmovil.com.ar\/index.php\/wp-json\/wp\/v2\/posts\/58858\/revisions\/58860"}],"wp:featuredmedia":[{"embeddable":true,"href":"https:\/\/portalmovil.com.ar\/index.php\/wp-json\/wp\/v2\/media\/58859"}],"wp:attachment":[{"href":"https:\/\/portalmovil.com.ar\/index.php\/wp-json\/wp\/v2\/media?parent=58858"}],"wp:term":[{"taxonomy":"category","embeddable":true,"href":"https:\/\/portalmovil.com.ar\/index.php\/wp-json\/wp\/v2\/categories?post=58858"},{"taxonomy":"post_tag","embeddable":true,"href":"https:\/\/portalmovil.com.ar\/index.php\/wp-json\/wp\/v2\/tags?post=58858"}],"curies":[{"name":"wp","href":"https:\/\/api.w.org\/{rel}","templated":true}]}}