{"id":58830,"date":"2022-07-01T11:40:44","date_gmt":"2022-07-01T14:40:44","guid":{"rendered":"https:\/\/portalmovil.com.ar\/?p=58830"},"modified":"2022-07-01T11:40:47","modified_gmt":"2022-07-01T14:40:47","slug":"rescataron-a-un-expolicia-que-amenazaba-con-arrojarse-desde-un-andamio-del-congreso","status":"publish","type":"post","link":"https:\/\/portalmovil.com.ar\/index.php\/2022\/07\/01\/rescataron-a-un-expolicia-que-amenazaba-con-arrojarse-desde-un-andamio-del-congreso\/","title":{"rendered":"Rescataron a un expolic\u00eda que amenazaba con arrojarse desde un andamio del Congreso"},"content":{"rendered":"\n<p>El&nbsp;<strong>Congreso&nbsp;<\/strong>de la Naci\u00f3n vivi\u00f3 este viernes horas de m\u00e1xima&nbsp;<strong>tensi\u00f3n<\/strong>. Un&nbsp;<strong>hombre&nbsp;<\/strong>salt\u00f3 esta madrugada las rejas, accedi\u00f3 a la explanada del edificio y trep\u00f3 a un&nbsp;<strong>andamio&nbsp;<\/strong>que hab\u00eda sido instalado en el lugar para realizar obras y&nbsp;<strong>amenaz\u00f3 con arrojarse al vac\u00edo.<\/strong>&nbsp;Tras m\u00e1s de una hora, un equipo especial de&nbsp;<strong>rescatistas&nbsp;<\/strong>logr\u00f3&nbsp;<strong>bajarlo<\/strong>.<\/p>\n\n\n\n<p>Todo comenz\u00f3 esta ma\u00f1ana, poco antes de las 7, cuando un hombre logr\u00f3 acceder a la fachada del Congreso. All\u00ed, se hab\u00eda colocado un\u00a0<strong>andamio de unos diez metros de altura,<\/strong>\u00a0porque se estaban realizando tareas de\u00a0<strong>restauraci\u00f3n de un monumento.<\/strong><\/p>\n\n\n\n<p>El hombre, quien seg\u00fan trascendi\u00f3 ser\u00eda un expolic\u00eda, subi\u00f3 al punto m\u00e1s alto del andamio y comenz\u00f3 a gritar que iba a tirarse.&nbsp;<\/p>\n\n\n\n<p>Poco despu\u00e9s, llegaron al Congreso bomberos, polic\u00edas y varias ambulancias del SAME. Los efectivos y negociadores del Grupo Especial de Rescate (GER) intentaron convencer al hombre de que se bajara, pero<strong>&nbsp;se resist\u00eda&nbsp;<\/strong>y amenazaba con tirarse. Por momentos se mostraba&nbsp;<strong>violento&nbsp;<\/strong>con quienes se acercaban a \u00e9l para intentar bajarlo.<\/p>\n\n\n\n<p>A ra\u00edz de la situaci\u00f3n,&nbsp;<strong>se cort\u00f3 el tr\u00e1nsito en la zona<\/strong>&nbsp;para permitir el trabajo de los especialistas. Se coloc\u00f3&nbsp;<strong>un cami\u00f3n gr\u00faa<\/strong>&nbsp;para llegar hasta el hombre y seg\u00fan detall\u00f3 el titular del SAME, Alberto Crescenti, se colocaron varios colchones alrededor para amortiguar el impacto en caso de que no lograran disuadirlo y se arrojara.<\/p>\n\n\n\n<p>Finalmente, cerca de las 8 hs, casi una hora despu\u00e9s de que todo comenzara. Los rescatistas lograron acercarse hasta el hombre y&nbsp;<strong>lograron reducirlo.<\/strong>&nbsp;Si bien el hombre se resist\u00eda a ser sujetado, y golpeaba a los efectivos, los rescatistas consiguieron sujetarlo y subirlo a la gr\u00faa y bajarlo. Fue trasladado a un centro de salud para ser asistido.<\/p>\n","protected":false},"excerpt":{"rendered":"<p>El&nbsp;Congreso&nbsp;de la Naci\u00f3n vivi\u00f3 este viernes horas de m\u00e1xima&nbsp;tensi\u00f3n. Un&nbsp;hombre&nbsp;salt\u00f3 esta madrugada las rejas, accedi\u00f3 a la explanada del edificio y trep\u00f3 a un&nbsp;andamio&nbsp;que hab\u00eda sido instalado en el lugar para realizar obras y&nbsp;amenaz\u00f3 con arrojarse al vac\u00edo.&nbsp;Tras m\u00e1s de una hora, un equipo especial de&nbsp;rescatistas&nbsp;logr\u00f3&nbsp;bajarlo. Todo comenz\u00f3 esta ma\u00f1ana, poco antes de las 7, &hellip;<\/p>\n","protected":false},"author":2,"featured_media":58831,"comment_status":"open","ping_status":"open","sticky":false,"template":"","format":"standard","meta":{"_jetpack_memberships_contains_paid_content":false,"footnotes":"","jetpack_publicize_message":"","jetpack_publicize_feature_enabled":true,"jetpack_social_post_already_shared":true,"jetpack_social_options":{"image_generator_settings":{"template":"highway","default_image_id":0,"font":"","enabled":false},"version":2}},"categories":[639,8],"tags":[],"class_list":["post-58830","post","type-post","status-publish","format-standard","has-post-thumbnail","hentry","category-argentina","category-policiales"],"jetpack_publicize_connections":[],"jetpack_featured_media_url":"https:\/\/portalmovil.com.ar\/wp-content\/uploads\/2022\/07\/62bee98c8ba00_900.jpg","jetpack_sharing_enabled":true,"amp_enabled":true,"_links":{"self":[{"href":"https:\/\/portalmovil.com.ar\/index.php\/wp-json\/wp\/v2\/posts\/58830","targetHints":{"allow":["GET"]}}],"collection":[{"href":"https:\/\/portalmovil.com.ar\/index.php\/wp-json\/wp\/v2\/posts"}],"about":[{"href":"https:\/\/portalmovil.com.ar\/index.php\/wp-json\/wp\/v2\/types\/post"}],"author":[{"embeddable":true,"href":"https:\/\/portalmovil.com.ar\/index.php\/wp-json\/wp\/v2\/users\/2"}],"replies":[{"embeddable":true,"href":"https:\/\/portalmovil.com.ar\/index.php\/wp-json\/wp\/v2\/comments?post=58830"}],"version-history":[{"count":1,"href":"https:\/\/portalmovil.com.ar\/index.php\/wp-json\/wp\/v2\/posts\/58830\/revisions"}],"predecessor-version":[{"id":58832,"href":"https:\/\/portalmovil.com.ar\/index.php\/wp-json\/wp\/v2\/posts\/58830\/revisions\/58832"}],"wp:featuredmedia":[{"embeddable":true,"href":"https:\/\/portalmovil.com.ar\/index.php\/wp-json\/wp\/v2\/media\/58831"}],"wp:attachment":[{"href":"https:\/\/portalmovil.com.ar\/index.php\/wp-json\/wp\/v2\/media?parent=58830"}],"wp:term":[{"taxonomy":"category","embeddable":true,"href":"https:\/\/portalmovil.com.ar\/index.php\/wp-json\/wp\/v2\/categories?post=58830"},{"taxonomy":"post_tag","embeddable":true,"href":"https:\/\/portalmovil.com.ar\/index.php\/wp-json\/wp\/v2\/tags?post=58830"}],"curies":[{"name":"wp","href":"https:\/\/api.w.org\/{rel}","templated":true}]}}