{"id":5882,"date":"2020-05-01T13:08:19","date_gmt":"2020-05-01T16:08:19","guid":{"rendered":"http:\/\/portalmovil.com.ar\/?p=5882"},"modified":"2020-05-01T13:08:23","modified_gmt":"2020-05-01T16:08:23","slug":"resistencia-el-intendente-saludo-a-los-trabajadores-en-su-dia","status":"publish","type":"post","link":"https:\/\/portalmovil.com.ar\/index.php\/2020\/05\/01\/resistencia-el-intendente-saludo-a-los-trabajadores-en-su-dia\/","title":{"rendered":"RESISTENCIA: El Intendente salud\u00f3 a los trabajadores en su d\u00eda"},"content":{"rendered":"\n<p>El intendente de Resistencia,\u00a0Gustavo Mart\u00ednez, envi\u00f3 salutaciones a todos los trabajadores en conmemoraci\u00f3n del 1\u00ba de Mayo, principalmente a aquellos que, m\u00e1s all\u00e1 de la situaci\u00f3n actual, \u00abponen su energ\u00eda y se esfuerzan cotidianamente por hacer de nuestra ciudad un lugar mejor, siempre con el objetivo de seguir creciendo entre todos, brindando oportunidades equitativas y creando un ambiente laboral m\u00e1s justo e igualitario\u00bb.<\/p>\n\n\n\n<p>El Jefe Comunal tambi\u00e9n salud\u00f3 a todos los empleados municipales, y les agradeci\u00f3 por las m\u00faltiples tareas que vienen realizando en tiempos de pandemia por el covid-19. En igual sinton\u00eda, Mart\u00ednez asegur\u00f3 que \u00abnuestro equipo de gesti\u00f3n se est\u00e1 dedicando a ayudar a los trabajadores municipales honrados y capaces, que durante muchos a\u00f1os tuvieron sus carreras trabadas, siendo perseguidos y presionados \u00ab. Adem\u00e1s, destac\u00f3 que \u00abla mayor\u00eda de los trabajadores del Municipio de Resistencia son honestos\u00bb, y remarc\u00f3 que \u00abes importante que sientan que van a tener nuestro respaldo y que las cosas van a mejorar\u00bb.<\/p>\n\n\n\n<p>Asimismo, la m\u00e1xima autoridad municipal envi\u00f3 un mensaje y dio las gracias a todos los trabajadores de los sectores privados, industriales y de diferentes \u00e1reas, recordando que \u00ablamentablemente est\u00e1n cobrando la mitad de su sueldo y hasta algunos casos ni siquiera cobran\u00bb, y&nbsp;afirm\u00f3 que \u00abvamos a salir adelante todos juntos\u00bb.<\/p>\n\n\n\n<figure class=\"wp-block-image size-large\"><img loading=\"lazy\" decoding=\"async\" width=\"630\" height=\"857\" src=\"https:\/\/portalmovil.com.ar\/wp-content\/uploads\/2020\/05\/dia_del_trabajador_1_102152_102152.jpg\" alt=\"\" class=\"wp-image-5883\" srcset=\"https:\/\/portalmovil.com.ar\/wp-content\/uploads\/2020\/05\/dia_del_trabajador_1_102152_102152.jpg 630w, https:\/\/portalmovil.com.ar\/wp-content\/uploads\/2020\/05\/dia_del_trabajador_1_102152_102152-221x300.jpg 221w\" sizes=\"auto, (max-width: 630px) 100vw, 630px\" \/><\/figure>\n","protected":false},"excerpt":{"rendered":"<p>El intendente de Resistencia,\u00a0Gustavo Mart\u00ednez, envi\u00f3 salutaciones a todos los trabajadores en conmemoraci\u00f3n del 1\u00ba de Mayo, principalmente a aquellos que, m\u00e1s all\u00e1 de la situaci\u00f3n actual, \u00abponen su energ\u00eda y se esfuerzan cotidianamente por hacer de nuestra ciudad un lugar mejor, siempre con el objetivo de seguir creciendo entre todos, brindando oportunidades equitativas y &hellip;<\/p>\n","protected":false},"author":2,"featured_media":3981,"comment_status":"open","ping_status":"open","sticky":false,"template":"","format":"standard","meta":{"_jetpack_memberships_contains_paid_content":false,"footnotes":"","jetpack_publicize_message":"","jetpack_publicize_feature_enabled":true,"jetpack_social_post_already_shared":true,"jetpack_social_options":{"image_generator_settings":{"template":"highway","default_image_id":0,"font":"","enabled":false},"version":2}},"categories":[37],"tags":[],"class_list":["post-5882","post","type-post","status-publish","format-standard","has-post-thumbnail","hentry","category-resistencia"],"jetpack_publicize_connections":[],"jetpack_featured_media_url":"https:\/\/portalmovil.com.ar\/wp-content\/uploads\/2020\/03\/90801029_784111272117279_7531966679639654400_n.jpg","jetpack_sharing_enabled":true,"amp_enabled":true,"_links":{"self":[{"href":"https:\/\/portalmovil.com.ar\/index.php\/wp-json\/wp\/v2\/posts\/5882","targetHints":{"allow":["GET"]}}],"collection":[{"href":"https:\/\/portalmovil.com.ar\/index.php\/wp-json\/wp\/v2\/posts"}],"about":[{"href":"https:\/\/portalmovil.com.ar\/index.php\/wp-json\/wp\/v2\/types\/post"}],"author":[{"embeddable":true,"href":"https:\/\/portalmovil.com.ar\/index.php\/wp-json\/wp\/v2\/users\/2"}],"replies":[{"embeddable":true,"href":"https:\/\/portalmovil.com.ar\/index.php\/wp-json\/wp\/v2\/comments?post=5882"}],"version-history":[{"count":1,"href":"https:\/\/portalmovil.com.ar\/index.php\/wp-json\/wp\/v2\/posts\/5882\/revisions"}],"predecessor-version":[{"id":5884,"href":"https:\/\/portalmovil.com.ar\/index.php\/wp-json\/wp\/v2\/posts\/5882\/revisions\/5884"}],"wp:featuredmedia":[{"embeddable":true,"href":"https:\/\/portalmovil.com.ar\/index.php\/wp-json\/wp\/v2\/media\/3981"}],"wp:attachment":[{"href":"https:\/\/portalmovil.com.ar\/index.php\/wp-json\/wp\/v2\/media?parent=5882"}],"wp:term":[{"taxonomy":"category","embeddable":true,"href":"https:\/\/portalmovil.com.ar\/index.php\/wp-json\/wp\/v2\/categories?post=5882"},{"taxonomy":"post_tag","embeddable":true,"href":"https:\/\/portalmovil.com.ar\/index.php\/wp-json\/wp\/v2\/tags?post=5882"}],"curies":[{"name":"wp","href":"https:\/\/api.w.org\/{rel}","templated":true}]}}