{"id":58764,"date":"2022-06-30T10:23:45","date_gmt":"2022-06-30T13:23:45","guid":{"rendered":"https:\/\/portalmovil.com.ar\/?p=58764"},"modified":"2022-06-30T14:22:45","modified_gmt":"2022-06-30T17:22:45","slug":"un-paciente-psiquiatrico-robo-y-choco-una-ambulancia-en-saenz-pena","status":"publish","type":"post","link":"https:\/\/portalmovil.com.ar\/index.php\/2022\/06\/30\/un-paciente-psiquiatrico-robo-y-choco-una-ambulancia-en-saenz-pena\/","title":{"rendered":"Un paciente psiqui\u00e1trico rob\u00f3 y choc\u00f3 una ambulancia en S\u00e1enz Pe\u00f1a"},"content":{"rendered":"\n<p>Este jueves por la madrugada una persona,&nbsp;<strong>que aparentemente ser\u00eda un paciente psiqui\u00e1trico<\/strong>, subi\u00f3 a una ambulancia del Servicio 107 del Hospital 4 de Junio y se llev\u00f3 el rodado. El veh\u00edculo estaba estacionado en el sector de movilidad.&nbsp;<\/p>\n\n\n\n<figure class=\"wp-block-image size-large\"><img loading=\"lazy\" decoding=\"async\" width=\"1024\" height=\"766\" src=\"https:\/\/portalmovil.com.ar\/wp-content\/uploads\/2022\/06\/8e29f4bc-1e8f-43a6-a736-75eb2ffb1031-1024x766.jpg\" alt=\"\" class=\"wp-image-58766\" srcset=\"https:\/\/portalmovil.com.ar\/wp-content\/uploads\/2022\/06\/8e29f4bc-1e8f-43a6-a736-75eb2ffb1031-1024x766.jpg 1024w, https:\/\/portalmovil.com.ar\/wp-content\/uploads\/2022\/06\/8e29f4bc-1e8f-43a6-a736-75eb2ffb1031-300x224.jpg 300w, https:\/\/portalmovil.com.ar\/wp-content\/uploads\/2022\/06\/8e29f4bc-1e8f-43a6-a736-75eb2ffb1031-768x575.jpg 768w, https:\/\/portalmovil.com.ar\/wp-content\/uploads\/2022\/06\/8e29f4bc-1e8f-43a6-a736-75eb2ffb1031-1536x1149.jpg 1536w, https:\/\/portalmovil.com.ar\/wp-content\/uploads\/2022\/06\/8e29f4bc-1e8f-43a6-a736-75eb2ffb1031.jpg 1600w\" sizes=\"auto, (max-width: 1024px) 100vw, 1024px\" \/><\/figure>\n\n\n\n<p>Si bien la polic\u00eda no dio informaci\u00f3n al respecto, como tampoco las autoridades del Hospital 4 de Junio,&nbsp;<strong>se supo que la ambulancia fue hallada en cercan\u00eda de La Tigra luego de haber protagonizado un accidente de tr\u00e1nsito contra un cami\u00f3n.<\/strong><\/p>\n\n\n\n<p>El conductor, y supuesto autor del robo,&nbsp;<strong>no habr\u00eda sufrido lesiones y qued\u00f3 detenido en La Tigra.<\/strong><\/p>\n\n\n\n<figure class=\"wp-block-image size-large\"><img loading=\"lazy\" decoding=\"async\" width=\"766\" height=\"1024\" src=\"https:\/\/portalmovil.com.ar\/wp-content\/uploads\/2022\/06\/20220630_101624-766x1024.jpg\" alt=\"\" class=\"wp-image-58790\" srcset=\"https:\/\/portalmovil.com.ar\/wp-content\/uploads\/2022\/06\/20220630_101624-766x1024.jpg 766w, https:\/\/portalmovil.com.ar\/wp-content\/uploads\/2022\/06\/20220630_101624-224x300.jpg 224w, https:\/\/portalmovil.com.ar\/wp-content\/uploads\/2022\/06\/20220630_101624-768x1027.jpg 768w, https:\/\/portalmovil.com.ar\/wp-content\/uploads\/2022\/06\/20220630_101624-1149x1536.jpg 1149w, https:\/\/portalmovil.com.ar\/wp-content\/uploads\/2022\/06\/20220630_101624.jpg 1197w\" sizes=\"auto, (max-width: 766px) 100vw, 766px\" \/><\/figure>\n","protected":false},"excerpt":{"rendered":"<p>Este jueves por la madrugada una persona,&nbsp;que aparentemente ser\u00eda un paciente psiqui\u00e1trico, subi\u00f3 a una ambulancia del Servicio 107 del Hospital 4 de Junio y se llev\u00f3 el rodado. El veh\u00edculo estaba estacionado en el sector de movilidad.&nbsp; Si bien la polic\u00eda no dio informaci\u00f3n al respecto, como tampoco las autoridades del Hospital 4 de &hellip;<\/p>\n","protected":false},"author":2,"featured_media":58765,"comment_status":"open","ping_status":"open","sticky":false,"template":"","format":"standard","meta":{"_jetpack_memberships_contains_paid_content":false,"footnotes":"","jetpack_publicize_message":"","jetpack_publicize_feature_enabled":true,"jetpack_social_post_already_shared":true,"jetpack_social_options":{"image_generator_settings":{"template":"highway","default_image_id":0,"font":"","enabled":false},"version":2}},"categories":[5,8],"tags":[],"class_list":["post-58764","post","type-post","status-publish","format-standard","has-post-thumbnail","hentry","category-chaco","category-policiales"],"jetpack_publicize_connections":[],"jetpack_featured_media_url":"https:\/\/portalmovil.com.ar\/wp-content\/uploads\/2022\/06\/7b920b77-4e56-471f-9c27-4a6f01dd8073.jpg","jetpack_sharing_enabled":true,"amp_enabled":true,"_links":{"self":[{"href":"https:\/\/portalmovil.com.ar\/index.php\/wp-json\/wp\/v2\/posts\/58764","targetHints":{"allow":["GET"]}}],"collection":[{"href":"https:\/\/portalmovil.com.ar\/index.php\/wp-json\/wp\/v2\/posts"}],"about":[{"href":"https:\/\/portalmovil.com.ar\/index.php\/wp-json\/wp\/v2\/types\/post"}],"author":[{"embeddable":true,"href":"https:\/\/portalmovil.com.ar\/index.php\/wp-json\/wp\/v2\/users\/2"}],"replies":[{"embeddable":true,"href":"https:\/\/portalmovil.com.ar\/index.php\/wp-json\/wp\/v2\/comments?post=58764"}],"version-history":[{"count":2,"href":"https:\/\/portalmovil.com.ar\/index.php\/wp-json\/wp\/v2\/posts\/58764\/revisions"}],"predecessor-version":[{"id":58791,"href":"https:\/\/portalmovil.com.ar\/index.php\/wp-json\/wp\/v2\/posts\/58764\/revisions\/58791"}],"wp:featuredmedia":[{"embeddable":true,"href":"https:\/\/portalmovil.com.ar\/index.php\/wp-json\/wp\/v2\/media\/58765"}],"wp:attachment":[{"href":"https:\/\/portalmovil.com.ar\/index.php\/wp-json\/wp\/v2\/media?parent=58764"}],"wp:term":[{"taxonomy":"category","embeddable":true,"href":"https:\/\/portalmovil.com.ar\/index.php\/wp-json\/wp\/v2\/categories?post=58764"},{"taxonomy":"post_tag","embeddable":true,"href":"https:\/\/portalmovil.com.ar\/index.php\/wp-json\/wp\/v2\/tags?post=58764"}],"curies":[{"name":"wp","href":"https:\/\/api.w.org\/{rel}","templated":true}]}}