{"id":5870,"date":"2020-05-01T01:01:36","date_gmt":"2020-05-01T04:01:36","guid":{"rendered":"http:\/\/portalmovil.com.ar\/?p=5870"},"modified":"2020-05-01T01:01:40","modified_gmt":"2020-05-01T04:01:40","slug":"argentina-reafirmo-su-pertenencia-al-mercosur-y-planteo-buscar-soluciones-conjuntas","status":"publish","type":"post","link":"https:\/\/portalmovil.com.ar\/index.php\/2020\/05\/01\/argentina-reafirmo-su-pertenencia-al-mercosur-y-planteo-buscar-soluciones-conjuntas\/","title":{"rendered":"Argentina reafirm\u00f3 su pertenencia al Mercosur y plante\u00f3 \u00abbuscar soluciones conjuntas\u00bb"},"content":{"rendered":"\n<p>El secretario de Relaciones Econ\u00f3micas Internacionales, Jorge Neme, reafirm\u00f3 la voluntad de la Argentina de \u201cbuscar soluciones conjuntas que permitan a los pa\u00edses del bloque avanzar a ritmos diferenciados en la agenda de relacionamiento externo\u201d, al participar de la videoconferencia de Coordinadores Nacionales del Mercosur.<\/p>\n\n\n\n<p>En la jornada se acord\u00f3 realizar el martes un intercambio de documentos de trabajo entre los Estados Parte, con el objetivo de \u201cencontrar r\u00e1pidamente el mejor mecanismo que tenga en cuenta los intereses de cada pa\u00eds\u201d, inform\u00f3 mediante un comunicado la Secretar\u00eda.<\/p>\n\n\n\n<p>Asimismo,\u00a0se estableci\u00f3 el pr\u00f3ximo jueves como fecha para la siguiente reuni\u00f3n de Coordinadores Nacionales.<\/p>\n\n\n\n<p>En la oportunidad,\u00a0Argentina resalt\u00f3 \u201cal Mercosur como mecanismo sustantivo de integraci\u00f3n regional y plante\u00f3 la necesidad de continuar profundizando la agenda interna del bloque\u201d para desarrollar la competitividad y la proyecci\u00f3n internacional.<\/p>\n\n\n\n<p>Por su parte, se hizo menci\u00f3n a que los tratados con la Uni\u00f3n Europea y la Asociaci\u00f3n Europea de Libre Comercio (conocida como EFTA por sus siglas en ingl\u00e9s) se \u201cencuentran en su etapa final\u201d de negociaci\u00f3n.<\/p>\n\n\n\n<p>Respecto al\u00a0acuerdo con Corea del Sur, se destac\u00f3 que distintas entidades representantes del sector productivo nacional manifestaron sus objeciones por el impacto negativo que podr\u00eda tener en el tejido industrial aut\u00f3ctono.<\/p>\n\n\n\n<p>Tambi\u00e9n form\u00f3 parte del encuentro la subsecretaria Negociaciones Econ\u00f3micas Internacionales, Mar\u00eda del Carmen Squeff, \u00e1rea igualmente dependiente del Ministerio de Relaciones Exteriores, Comercio Internacional y Culto.<\/p>\n\n\n\n<p>El pasado viernes, el Ministerio de Relaciones Exteriores, Comercio Internacional y Culto inform\u00f3 que \u00abla incertidumbre internacional y la propia situaci\u00f3n de nuestra econom\u00eda aconsejan detener la marcha\u00bb en las negociaciones de acuerdos de libre comercio entre el Mercosur y Corea del Sur, Singapur, L\u00edbano, Canad\u00e1 y la India, entre otros.<\/p>\n\n\n\n<p>Ayer, el canciller Felipe Sol\u00e1 expuso por videoconferencia ante la Comisi\u00f3n de Relaciones Exteriores del Senado, oportunidad en la que asever\u00f3 que la Argentina \u00abno rompe el Mercosur\u00bb con su decisi\u00f3n de retirarse de la firma de futuros convenios, sino que esa idea es \u00abun invento pol\u00edtico\u00bb de la oposici\u00f3n.<\/p>\n\n\n\n<p>FUENTE INFORMATIVA: T\u00c9LAM<\/p>\n","protected":false},"excerpt":{"rendered":"<p>El secretario de Relaciones Econ\u00f3micas Internacionales, Jorge Neme, reafirm\u00f3 la voluntad de la Argentina de \u201cbuscar soluciones conjuntas que permitan a los pa\u00edses del bloque avanzar a ritmos diferenciados en la agenda de relacionamiento externo\u201d, al participar de la videoconferencia de Coordinadores Nacionales del Mercosur. En la jornada se acord\u00f3 realizar el martes un intercambio &hellip;<\/p>\n","protected":false},"author":2,"featured_media":5871,"comment_status":"open","ping_status":"open","sticky":false,"template":"","format":"standard","meta":{"_jetpack_memberships_contains_paid_content":false,"footnotes":"","jetpack_publicize_message":"","jetpack_publicize_feature_enabled":true,"jetpack_social_post_already_shared":true,"jetpack_social_options":{"image_generator_settings":{"template":"highway","default_image_id":0,"font":"","enabled":false},"version":2}},"categories":[12],"tags":[],"class_list":["post-5870","post","type-post","status-publish","format-standard","has-post-thumbnail","hentry","category-ultimo"],"jetpack_publicize_connections":[],"jetpack_featured_media_url":"https:\/\/portalmovil.com.ar\/wp-content\/uploads\/2020\/05\/5d2dae2cc5152_1004x565.jpg","jetpack_sharing_enabled":true,"amp_enabled":true,"_links":{"self":[{"href":"https:\/\/portalmovil.com.ar\/index.php\/wp-json\/wp\/v2\/posts\/5870","targetHints":{"allow":["GET"]}}],"collection":[{"href":"https:\/\/portalmovil.com.ar\/index.php\/wp-json\/wp\/v2\/posts"}],"about":[{"href":"https:\/\/portalmovil.com.ar\/index.php\/wp-json\/wp\/v2\/types\/post"}],"author":[{"embeddable":true,"href":"https:\/\/portalmovil.com.ar\/index.php\/wp-json\/wp\/v2\/users\/2"}],"replies":[{"embeddable":true,"href":"https:\/\/portalmovil.com.ar\/index.php\/wp-json\/wp\/v2\/comments?post=5870"}],"version-history":[{"count":1,"href":"https:\/\/portalmovil.com.ar\/index.php\/wp-json\/wp\/v2\/posts\/5870\/revisions"}],"predecessor-version":[{"id":5872,"href":"https:\/\/portalmovil.com.ar\/index.php\/wp-json\/wp\/v2\/posts\/5870\/revisions\/5872"}],"wp:featuredmedia":[{"embeddable":true,"href":"https:\/\/portalmovil.com.ar\/index.php\/wp-json\/wp\/v2\/media\/5871"}],"wp:attachment":[{"href":"https:\/\/portalmovil.com.ar\/index.php\/wp-json\/wp\/v2\/media?parent=5870"}],"wp:term":[{"taxonomy":"category","embeddable":true,"href":"https:\/\/portalmovil.com.ar\/index.php\/wp-json\/wp\/v2\/categories?post=5870"},{"taxonomy":"post_tag","embeddable":true,"href":"https:\/\/portalmovil.com.ar\/index.php\/wp-json\/wp\/v2\/tags?post=5870"}],"curies":[{"name":"wp","href":"https:\/\/api.w.org\/{rel}","templated":true}]}}