{"id":58555,"date":"2022-06-24T15:12:30","date_gmt":"2022-06-24T18:12:30","guid":{"rendered":"https:\/\/portalmovil.com.ar\/?p=58555"},"modified":"2022-06-24T15:12:31","modified_gmt":"2022-06-24T18:12:31","slug":"conmemoraran-los-20-anos-de-los-asesinatos-de-kosteki-y-santillan","status":"publish","type":"post","link":"https:\/\/portalmovil.com.ar\/index.php\/2022\/06\/24\/conmemoraran-los-20-anos-de-los-asesinatos-de-kosteki-y-santillan\/","title":{"rendered":"Conmemorar\u00e1n los 20 a\u00f1os de los asesinatos de Kosteki y Santill\u00e1n"},"content":{"rendered":"\n<p>Con diversas actividades, organizaciones sociales, pol\u00edticas, culturales y barriales recordar\u00e1n este fin de semana a Maximiliano Kosteki y Dar\u00edo Santill\u00e1n, los dos j\u00f3venes militantes del MTD An\u00edbal Ver\u00f3n, al cumplirse el domingo 20 a\u00f1os de su asesinato, en un hist\u00f3rico acontecimiento conocido como la \u00abmasacre de Avellaneda\u00bb.<\/p>\n\n\n\n<p>La Uni\u00f3n de Trabajadores de la Econom\u00eda Popular (UTEP) anunci\u00f3 para ma\u00f1ana un acto en el Puente Pueyrred\u00f3n desde las 10:30, con la consigna \u00abA 20 a\u00f1os de la masacre de Avellaneda: Dar\u00edo y Maxi presentes\u00bb.<\/p>\n\n\n\n<p>\u00abLa lucha por trabajo, dignidad y cambio social de aquel entonces es la lucha de hoy por Tierra, Techo y Trabajo (TTT). Por eso, hoy m\u00e1s que nunca, Dar\u00edo y Maxi viven en la econom\u00eda popular\u00bb, dijo a T\u00e9lam Dina S\u00e1nchez secretaria adjunta de la UTEP y referente del Frente Popular Dar\u00edo Santill\u00e1n (FPDS).<\/p>\n\n\n\n<p>El 26 de junio de 2002, Dar\u00edo y Maxi fueron asesinados en las inmediaciones y en el hall de la exestaci\u00f3n Avellaneda -que hoy lleva por ley el nombre de los j\u00f3venes asesinados- del Ferrocarril Roca, tras una brutal represi\u00f3n en las que las fuerzas de seguridad dispararon balas de plomo contra quienes hab\u00edan salido a las calles a reclamar por \u00abtrabajo digno, alimentos y planes de trabajo\u00bb, en el contexto de la crisis econ\u00f3mica y social del 2001.<\/p>\n\n\n\n<p>Los expolic\u00edas de la Polic\u00eda Bonaerense Alfredo Fanchiotti y Alejandro Acosta, autores materiales del asesinato de Santill\u00e1n y Kosteki, fueron condenados en diciembre de 2005 a penas de prisi\u00f3n perpetua.<\/p>\n\n\n\n<p>\u00abNo obstante -a\u00f1adieron desde la UTEP- seguimos exigiendo que los responsables pol\u00edticos de la masacre de Avellaneda, sean investigados y juzgados\u00bb.<\/p>\n\n\n\n<p>El asesinato de Kosteki y de Santill\u00e1n a manos de efectivos de la polic\u00eda bonaerense marc\u00f3 un hito en la sociedad argentina, que \u00aboblig\u00f3 al entonces presidente Eduardo Duhalde a adelantar las elecciones y marc\u00f3 un piso de consenso en la sociedad de rechazo a la represi\u00f3n policial\u00bb.<\/p>\n\n\n\n<p>\u00abA 20 a\u00f1os de la Masacre de Avellaneda, el ejemplo de Dar\u00edo y Maxi se multiplic\u00f3 como trabajadoras y trabajadores de la Econom\u00eda Popular y hoy seguimos levantando las banderas por las que luch\u00e1bamos en aquel momento\u00bb, concluy\u00f3 S\u00e1nchez.<\/p>\n\n\n\n<p>La UTEP esta conformada por la dirigencia de la Corriente Clasista y Combativa (CCC); Somos Barrios de Pie; el Frente Popular Dar\u00edo Santill\u00e1n (FPDS), el Movimiento de Trabajadores Excluidos (MTE), el Movimiento Evita y la Organizaci\u00f3n Nuestra Am\u00e9rica, entre otras organizaciones sociales y pol\u00edticas.<\/p>\n\n\n\n<p>En tanto, desde la Comisi\u00f3n Independiente Justicia por Dar\u00edo y Maxi -integrada por diversas organizaciones sociales de izquierda- anunciaron actividades para ma\u00f1ana y el domingo, para \u00abrecordar a Dar\u00edo y Maxi y reclamar justicia completa\u00bb por los responsables de los asesinatos.<\/p>\n\n\n\n<p>Este sector tiene previsto instalar el s\u00e1bado cuatro escenarios para realizar una transmisi\u00f3n por internet de casi diez horas, de una jornada pol\u00edtico-cultural a realizarse tanto en la estaci\u00f3n de tren como en el Puente Pueyrred\u00f3n, todo en la localidad bonaerense de Avellaneda.<\/p>\n\n\n\n<p>\u00abTambi\u00e9n habr\u00e1 conversatorios, bandas musicales y entrevistas p\u00fablicas\u00bb, adelant\u00f3 a T\u00e9lam Juan Pablo Nocelli, hist\u00f3rico dirigente del MTD An\u00edbal Ver\u00f3n.<\/p>\n\n\n\n<p>En tanto, el domingo har\u00e1n una concentraci\u00f3n en la exestaci\u00f3n Avellaneda y a partir de las 12, marchar\u00e1n al Puente Pueyrred\u00f3n, donde realizar\u00e1n un acto bajo el lema: \u00abJusticia completa por nuestros compa\u00f1eros Dar\u00edo Santill\u00e1n y Maximiliano Kosteki\u00bb.<\/p>\n\n\n\n<p>La Comisi\u00f3n Independiente Justicia por Dar\u00edo y Maxi es un colectivo formado por los familiares y compa\u00f1eros de Santill\u00e1n y Kosteki; organismos de derechos humanos, personalidades del arte, la cultura; los movimientos sociales de izquierda que, \u00abdesde distintos sectores de la construcci\u00f3n popular, lucha por justicia y en contra de la impunidad en la Argentina\u00bb, seg\u00fan informaron en sus redes sociales.<\/p>\n\n\n\n<p>Por su parte, el Polo Obrero-Tendencia har\u00e1 su propio acto el domingo a la Estaci\u00f3n Dar\u00edo Santill\u00e1n y Maximiliano Kosteki para \u00abreivindicar la lucha de los desocupados y de los trabajadores\u00bb, informaron a esta agencia voceros de la organizaci\u00f3n.<\/p>\n\n\n\n<p>Por \u00faltimo, para esta tarde desde las 14, se inaugurar\u00e1 una estatua en homenaje a Kosteki y a Santill\u00e1n en la base del Puente Pueyrred\u00f3n, con la presencia del intendente de Avellaneda Alejo Chornobroff y la concejala por el Frente de Todos (FdT) y referente del Frente Patria Grande Mar\u00eda Alva Gonzales, tambi\u00e9n de la localidad de Avellaneda.<\/p>\n\n\n\n<p>\u00abA 20 a\u00f1os de la masacre de Avellaneda, los ejemplos de Dar\u00edo y Maxi se multiplicaron como trabajadoras y trabajadores de la Econom\u00eda Popular, logramos construir un polo productivo de trabajo y un espacio cultural de memoria all\u00ed donde dispararon a matar\u00bb, destac\u00f3 la edil oficialista.<\/p>\n","protected":false},"excerpt":{"rendered":"<p>Con diversas actividades, organizaciones sociales, pol\u00edticas, culturales y barriales recordar\u00e1n este fin de semana a Maximiliano Kosteki y Dar\u00edo Santill\u00e1n, los dos j\u00f3venes militantes del MTD An\u00edbal Ver\u00f3n, al cumplirse el domingo 20 a\u00f1os de su asesinato, en un hist\u00f3rico acontecimiento conocido como la \u00abmasacre de Avellaneda\u00bb. La Uni\u00f3n de Trabajadores de la Econom\u00eda Popular &hellip;<\/p>\n","protected":false},"author":2,"featured_media":58556,"comment_status":"open","ping_status":"open","sticky":false,"template":"","format":"standard","meta":{"_jetpack_memberships_contains_paid_content":false,"footnotes":"","jetpack_publicize_message":"","jetpack_publicize_feature_enabled":true,"jetpack_social_post_already_shared":true,"jetpack_social_options":{"image_generator_settings":{"template":"highway","default_image_id":0,"font":"","enabled":false},"version":2}},"categories":[28,639],"tags":[],"class_list":["post-58555","post","type-post","status-publish","format-standard","has-post-thumbnail","hentry","category-actualidad","category-argentina"],"jetpack_publicize_connections":[],"jetpack_featured_media_url":"https:\/\/portalmovil.com.ar\/wp-content\/uploads\/2022\/06\/62b5bd7856219504766109.jpg","jetpack_sharing_enabled":true,"amp_enabled":true,"_links":{"self":[{"href":"https:\/\/portalmovil.com.ar\/index.php\/wp-json\/wp\/v2\/posts\/58555","targetHints":{"allow":["GET"]}}],"collection":[{"href":"https:\/\/portalmovil.com.ar\/index.php\/wp-json\/wp\/v2\/posts"}],"about":[{"href":"https:\/\/portalmovil.com.ar\/index.php\/wp-json\/wp\/v2\/types\/post"}],"author":[{"embeddable":true,"href":"https:\/\/portalmovil.com.ar\/index.php\/wp-json\/wp\/v2\/users\/2"}],"replies":[{"embeddable":true,"href":"https:\/\/portalmovil.com.ar\/index.php\/wp-json\/wp\/v2\/comments?post=58555"}],"version-history":[{"count":1,"href":"https:\/\/portalmovil.com.ar\/index.php\/wp-json\/wp\/v2\/posts\/58555\/revisions"}],"predecessor-version":[{"id":58557,"href":"https:\/\/portalmovil.com.ar\/index.php\/wp-json\/wp\/v2\/posts\/58555\/revisions\/58557"}],"wp:featuredmedia":[{"embeddable":true,"href":"https:\/\/portalmovil.com.ar\/index.php\/wp-json\/wp\/v2\/media\/58556"}],"wp:attachment":[{"href":"https:\/\/portalmovil.com.ar\/index.php\/wp-json\/wp\/v2\/media?parent=58555"}],"wp:term":[{"taxonomy":"category","embeddable":true,"href":"https:\/\/portalmovil.com.ar\/index.php\/wp-json\/wp\/v2\/categories?post=58555"},{"taxonomy":"post_tag","embeddable":true,"href":"https:\/\/portalmovil.com.ar\/index.php\/wp-json\/wp\/v2\/tags?post=58555"}],"curies":[{"name":"wp","href":"https:\/\/api.w.org\/{rel}","templated":true}]}}