{"id":5852,"date":"2020-04-30T16:01:47","date_gmt":"2020-04-30T19:01:47","guid":{"rendered":"http:\/\/portalmovil.com.ar\/?p=5852"},"modified":"2020-04-30T16:01:51","modified_gmt":"2020-04-30T19:01:51","slug":"el-sauzalito-capitanich-recorrio-nuevas-obras-de-salud-y-atendio-demandas-de-seguridad","status":"publish","type":"post","link":"https:\/\/portalmovil.com.ar\/index.php\/2020\/04\/30\/el-sauzalito-capitanich-recorrio-nuevas-obras-de-salud-y-atendio-demandas-de-seguridad\/","title":{"rendered":"El Sauzalito: Capitanich recorri\u00f3 nuevas obras de salud y atendi\u00f3 demandas de seguridad"},"content":{"rendered":"\n<p>El gobernador Jorge Capitanich y la vicegobernadora Anal\u00eda Rach Quiroga recorrieron distintos puntos en la localidad de El Sauzalito, en El Impenetrable, donde verificaron el avance de las obras del hospital, se reunieron con representantes de diversos sectores de la comunidad, y visitaron un proyecto de producci\u00f3n hort\u00edcola.<\/p>\n\n\n\n<p>Acompa\u00f1ados por la ministra de Seguridad, Gloria Zalazar, la secretaria de Desarrollo Territorial y Ambiente Marta Soneira, y el intendente de esa localidad, Alcides P\u00e9rez, el mandatario y la vicemandataria iniciaron su recorrida verificando la obra de refacci\u00f3n y ampliaci\u00f3n del hospital de El Sauzalito, Arturo Illia.<\/p>\n\n\n\n<p>\u201cEsta es una instituci\u00f3n muy apreciada por la comunidad. Estamos trabajando para mejorar su capacidad de intervenci\u00f3n\u201d, expres\u00f3 el gobernador, quien observ\u00f3 el desarrollo de la obra, de cerca de 430 metros cuadrados, que permitir\u00e1 \u201cresolver la demanda sanitaria mediante la provisi\u00f3n de equipamiento\u201d, agreg\u00f3.<\/p>\n\n\n\n<p>\u201cEn los pr\u00f3ximos 60 d\u00edas creemos que vamos a habilitar la nueva parte del edificio, con el equipamiento correspondiente, y tambi\u00e9n la parte vieja, ya que es un hospital que tiene 23 a\u00f1os y requiere de mantenimiento\u201d, detall\u00f3. Las obras se enmarcan en el Plan Estrat\u00e9gico de Salud y forman parte de un conjunto de acciones para la construcci\u00f3n, mejora, y ampliaci\u00f3n de hospitales en diferentes puntos de la provincia.<\/p>\n\n\n\n<h3 class=\"wp-block-heading\">Seguridad con visi\u00f3n comunitaria y en el marco de la ley<\/h3>\n\n\n\n<p>Como parte de su agenda de actividades, el gobernador y la vicegobernadora mantuvieron una serie de encuentros con representantes de diversos sectores originarios y criollos: caciques de las comunidades de la zona, representantes de asociaciones de pueblos originarios, y miembros de la Guardia comunitaria wich\u00ed \u201cWashek\u201d. Las reuniones se realizaron cumpliendo estrictamente todas las medidas de bioseguridad e higiene y el distanciamiento social correspondiente por la emergencia sanitaria de coronavirus.<\/p>\n\n\n\n<p>La guardia, est\u00e1 compuesta por miembros de la comunidad originaria wich\u00ed, y en las \u00faltimas semanas protagoniz\u00f3 una serie de conflictos con la comunidad criolla, relacionados con el manejo del poder de polic\u00eda en ese lugar.<\/p>\n\n\n\n<p>Al respecto, el mandatario destac\u00f3 la necesidad de la intervenci\u00f3n del estado provincial ante esta situaci\u00f3n: \u201cEs importante que en democracia el Estado de Derecho se ejerza de manera plural y respetando todas las voces. No podemos violar el estado de derecho, ni permitir el ejercicio ilegal de la seguridad a trav\u00e9s de funciones que no corresponden. El poder de polic\u00eda es un monopolio que ejerce la naci\u00f3n, la provincia y el municipio en cuestiones espec\u00edficas\u201d, expres\u00f3.<\/p>\n\n\n\n<p>En esa l\u00ednea, agreg\u00f3 que desde la provincia se impulsar\u00e1 una serie de acciones para solucionar este conflicto: \u201cPrimero vamos a pedir a la autoridades nacionales la constituci\u00f3n del escuadr\u00f3n de Gendarmer\u00eda Nacional en la zona; en segundo lugar, vamos a gestionar una radicaci\u00f3n de un \u00e1rea especial vinculada al tema narcotr\u00e1fico por parte de la Polic\u00eda de la Provincia del Chaco y, por \u00faltimo, vamos a generar una organizaci\u00f3n que permita regular el funcionamiento de todas las instituciones de esa localidad\u201d.<\/p>\n\n\n\n<p>El mandatario asegur\u00f3 que \u201ces un secreto a voces y una manifestaci\u00f3n de la comunidad la necesidad de fortalecer un sistema de control para evitar maniobras de contrabando ilegal y narcotr\u00e1fico. \u201cQueremos que criollos y comunidades originarias, conjuntamente con las colectividades, puedan coexistir pac\u00edfica y democr\u00e1ticamente como corresponde en el ejercicio del estado de derecho\u201d, reiter\u00f3.<\/p>\n\n\n\n<h3 class=\"wp-block-heading\">Fortalecer la producci\u00f3n agropecuaria con la comunidad<\/h3>\n\n\n\n<p>Durante su visita, Jorge Capitanich y Anal\u00eda Rach Quiroga recorrieron adem\u00e1s un lote productivo hort\u00edcola desarrollado por las comunidades originarias para abastecimiento local, y comprometi\u00f3 acompa\u00f1amiento institucional para fortalecer el autoabastecimiento y potenciar la producci\u00f3n.<\/p>\n\n\n\n<p>El objetivo, junto a la secretar\u00eda de Desarrollo Territorial y Ambiente, es ampliar los lotes de producci\u00f3n con asistencia t\u00e9cnica, herramientas de trabajo y provisi\u00f3n de semillas. En una primera etapa, la producci\u00f3n ser\u00e1 para autoabastecimiento y de haber excedentes, ser\u00e1 comercializada en el mercado interno. Uno de los principales objetivo ser\u00e1 avanzar en el cultivo extensivo de verduras, principalmente cebollas.<\/p>\n\n\n\n<h3 class=\"wp-block-heading\">Detalles en la refacci\u00f3n y ampliaci\u00f3n del Hospital Arturo Illia<\/h3>\n\n\n\n<p>La primera etapa de la obra del hospital Illia consta de la refacci\u00f3n y ampliaci\u00f3n del edificio, con un pabell\u00f3n totalmente nuevo para el tratamiento de la tuberculosis. En esta \u00e1rea se incluyen: administraci\u00f3n, consultorio, enfermer\u00eda, farmacia, oficina, ba\u00f1o para el personal, enfermer\u00eda de internaci\u00f3n, internaci\u00f3n, dep\u00f3sito, ba\u00f1os de internaci\u00f3n. La segunda etapa, incluir\u00e1 la refacci\u00f3n del acceso principal, consultorios externos, galer\u00edas, laboratorios y ba\u00f1os.<\/p>\n\n\n\n<p>El Hospital de El Sauzalito es una unidad de atenci\u00f3n que presta servicios de salud de manera permanente en forma ambulatoria y con posibilidades de brindar asistencia a personas internadas con patolog\u00edas de baja complejidad y atenci\u00f3n del parto normal, seg\u00fan antecedentes y normas de derivaci\u00f3n.<\/p>\n\n\n\n<p>La obra contempla una inversi\u00f3n $15.268.753 (incluyendo las obras ya terminadas en el puesto sanitario de Tres Pozos, habilitado el 25 de abril). La instituci\u00f3n da atenci\u00f3n a la poblaci\u00f3n de 14 mil habitantes, adem\u00e1s de comunidades aleda\u00f1as y cercanas.<\/p>\n","protected":false},"excerpt":{"rendered":"<p>El gobernador Jorge Capitanich y la vicegobernadora Anal\u00eda Rach Quiroga recorrieron distintos puntos en la localidad de El Sauzalito, en El Impenetrable, donde verificaron el avance de las obras del hospital, se reunieron con representantes de diversos sectores de la comunidad, y visitaron un proyecto de producci\u00f3n hort\u00edcola. Acompa\u00f1ados por la ministra de Seguridad, Gloria &hellip;<\/p>\n","protected":false},"author":2,"featured_media":5853,"comment_status":"open","ping_status":"open","sticky":false,"template":"","format":"standard","meta":{"_jetpack_memberships_contains_paid_content":false,"footnotes":"","jetpack_publicize_message":"","jetpack_publicize_feature_enabled":true,"jetpack_social_post_already_shared":true,"jetpack_social_options":{"image_generator_settings":{"template":"highway","default_image_id":0,"font":"","enabled":false},"version":2}},"categories":[5],"tags":[],"class_list":["post-5852","post","type-post","status-publish","format-standard","has-post-thumbnail","hentry","category-chaco"],"jetpack_publicize_connections":[],"jetpack_featured_media_url":"https:\/\/portalmovil.com.ar\/wp-content\/uploads\/2020\/04\/bbae71d7-bac3-497e-978e-95ca497c6c3a.jpg","jetpack_sharing_enabled":true,"amp_enabled":true,"_links":{"self":[{"href":"https:\/\/portalmovil.com.ar\/index.php\/wp-json\/wp\/v2\/posts\/5852","targetHints":{"allow":["GET"]}}],"collection":[{"href":"https:\/\/portalmovil.com.ar\/index.php\/wp-json\/wp\/v2\/posts"}],"about":[{"href":"https:\/\/portalmovil.com.ar\/index.php\/wp-json\/wp\/v2\/types\/post"}],"author":[{"embeddable":true,"href":"https:\/\/portalmovil.com.ar\/index.php\/wp-json\/wp\/v2\/users\/2"}],"replies":[{"embeddable":true,"href":"https:\/\/portalmovil.com.ar\/index.php\/wp-json\/wp\/v2\/comments?post=5852"}],"version-history":[{"count":1,"href":"https:\/\/portalmovil.com.ar\/index.php\/wp-json\/wp\/v2\/posts\/5852\/revisions"}],"predecessor-version":[{"id":5854,"href":"https:\/\/portalmovil.com.ar\/index.php\/wp-json\/wp\/v2\/posts\/5852\/revisions\/5854"}],"wp:featuredmedia":[{"embeddable":true,"href":"https:\/\/portalmovil.com.ar\/index.php\/wp-json\/wp\/v2\/media\/5853"}],"wp:attachment":[{"href":"https:\/\/portalmovil.com.ar\/index.php\/wp-json\/wp\/v2\/media?parent=5852"}],"wp:term":[{"taxonomy":"category","embeddable":true,"href":"https:\/\/portalmovil.com.ar\/index.php\/wp-json\/wp\/v2\/categories?post=5852"},{"taxonomy":"post_tag","embeddable":true,"href":"https:\/\/portalmovil.com.ar\/index.php\/wp-json\/wp\/v2\/tags?post=5852"}],"curies":[{"name":"wp","href":"https:\/\/api.w.org\/{rel}","templated":true}]}}