{"id":58342,"date":"2022-06-20T20:09:29","date_gmt":"2022-06-20T23:09:29","guid":{"rendered":"https:\/\/portalmovil.com.ar\/?p=58342"},"modified":"2022-06-20T20:09:32","modified_gmt":"2022-06-20T23:09:32","slug":"cristina-kirchner-culpo-a-macri-por-la-inflacion-y-volvio-a-pedirle-a-alberto-que-use-la-lapicera","status":"publish","type":"post","link":"https:\/\/portalmovil.com.ar\/index.php\/2022\/06\/20\/cristina-kirchner-culpo-a-macri-por-la-inflacion-y-volvio-a-pedirle-a-alberto-que-use-la-lapicera\/","title":{"rendered":"Cristina Kirchner culp\u00f3 a Macri por la inflaci\u00f3n y volvi\u00f3 a pedirle a Alberto que \u201cuse la lapicera\u201d"},"content":{"rendered":"\n<p>La vicepresidenta de la Naci\u00f3n Cristina Fern\u00e1ndez de Kirchner hizo un duro an\u00e1lisis sobre el \u00abproceso ultrainflacionario\u00bb que vive la Argentina y le pidi\u00f3 al Gobierno de Alberto Fern\u00e1ndez que \u00a0\u00abuse la lapicera\u00bb<\/p>\n\n\n\n<p>En un acto de la CTA, la vicepresidenta asegur\u00f3 que la inflaci\u00f3n es producto de la evasi\u00f3n impositiva y del \u00abendeudamiento criminal de los cuatro a\u00f1os del macrismo\u00bb. \u00abTodos los procesos inflacionarios que tuvo la Argentina fueron precedidos de un proceso de endeudamiento previo\u00bb, indic\u00f3 la titular del Senado.<\/p>\n\n\n\n<p>Asimismo, indic\u00f3: \u201cEsta inflaci\u00f3n \u00fanica en el mundo, por el d\u00e9ficit fiscal no es, tampoco es por la oferta y la demanda, ni por la presi\u00f3n tributaria, como sostienen diversos economistas\u201d. Y agreg\u00f3: \u201cLa Argentina es el tercer pa\u00eds evasor de impuestos en el mundo, as\u00ed como el tercer pa\u00eds en formar activos en el exterior\u00bb.<\/p>\n\n\n\n<p>En este sentido, afirm\u00f3 que si bien no es la \u00fanica causa, los \u00abformadores de precios tambi\u00e9n influyen en la inflaci\u00f3n\u00bb y cuestion\u00f3 el trato que se le da desde el Gobierno a los empresarios.\u00bbEsto es tener funcionarios y funcionarios que funcionen, que se sienten a discutirles, no hay que agachar la cabeza, hay que discutir\u00bb, subray\u00f3 la vicepresidenta y consider\u00f3 que esas cosas \u00abson usar la lapicera\u00bb.<\/p>\n\n\n\n<p>\u00abDonde hay necesidad de d\u00f3lares habr\u00e1 un juez y un fiscal para darles d\u00f3lares a los importadores; si la necesidad es del pueblo no hay derecho; si la necesidad es de los poderosos hay jueces y fiscales. No hay Poder Judicial, hay partido judicial\u00bb, enfatiz\u00f3.<\/p>\n\n\n\n<p>Por otro lado, la titular del Senado tambi\u00e9n critic\u00f3 a la oposici\u00f3n por no querer avanzar con el Fondo para pagar la deuda al FMI con d\u00f3lares de la fuga, que ya cuenta con media sanci\u00f3n de la C\u00e1mara alta. \u00abEl proyecto que crea el fondo para el fondo apunta a los que hab\u00eda fugado, pero en Diputados nadie la quiere aprobar\u00bb, dijo.<\/p>\n\n\n\n<p>Sum\u00f3 tambi\u00e9n a la lista el otro proyecto del Senador Oscar Parrilli que plantea levantar el secreto fiscal, burs\u00e1til y bancario para perseguir a los evasores de d\u00f3lares. \u00abLos que tienen la sart\u00e9n por el mango est\u00e1n de fiesta. Este es un Estado est\u00fapido. No hay articulaci\u00f3n para desarmar la estafa y todos tienen miedo. No hay voluntad, ni actitud para cambiar las cosas\u00bb, lanz\u00f3 ofuscada.<\/p>\n","protected":false},"excerpt":{"rendered":"<p>La vicepresidenta de la Naci\u00f3n Cristina Fern\u00e1ndez de Kirchner hizo un duro an\u00e1lisis sobre el \u00abproceso ultrainflacionario\u00bb que vive la Argentina y le pidi\u00f3 al Gobierno de Alberto Fern\u00e1ndez que \u00a0\u00abuse la lapicera\u00bb En un acto de la CTA, la vicepresidenta asegur\u00f3 que la inflaci\u00f3n es producto de la evasi\u00f3n impositiva y del \u00abendeudamiento criminal &hellip;<\/p>\n","protected":false},"author":2,"featured_media":58343,"comment_status":"open","ping_status":"open","sticky":false,"template":"","format":"standard","meta":{"_jetpack_memberships_contains_paid_content":false,"footnotes":"","jetpack_publicize_message":"","jetpack_publicize_feature_enabled":true,"jetpack_social_post_already_shared":true,"jetpack_social_options":{"image_generator_settings":{"template":"highway","default_image_id":0,"font":"","enabled":false},"version":2}},"categories":[639,14],"tags":[],"class_list":["post-58342","post","type-post","status-publish","format-standard","has-post-thumbnail","hentry","category-argentina","category-politica"],"jetpack_publicize_connections":[],"jetpack_featured_media_url":"https:\/\/portalmovil.com.ar\/wp-content\/uploads\/2022\/06\/b361fe36-2285-49a4-afdc-ec1fbe0c70e4.jpg","jetpack_sharing_enabled":true,"amp_enabled":true,"_links":{"self":[{"href":"https:\/\/portalmovil.com.ar\/index.php\/wp-json\/wp\/v2\/posts\/58342","targetHints":{"allow":["GET"]}}],"collection":[{"href":"https:\/\/portalmovil.com.ar\/index.php\/wp-json\/wp\/v2\/posts"}],"about":[{"href":"https:\/\/portalmovil.com.ar\/index.php\/wp-json\/wp\/v2\/types\/post"}],"author":[{"embeddable":true,"href":"https:\/\/portalmovil.com.ar\/index.php\/wp-json\/wp\/v2\/users\/2"}],"replies":[{"embeddable":true,"href":"https:\/\/portalmovil.com.ar\/index.php\/wp-json\/wp\/v2\/comments?post=58342"}],"version-history":[{"count":1,"href":"https:\/\/portalmovil.com.ar\/index.php\/wp-json\/wp\/v2\/posts\/58342\/revisions"}],"predecessor-version":[{"id":58344,"href":"https:\/\/portalmovil.com.ar\/index.php\/wp-json\/wp\/v2\/posts\/58342\/revisions\/58344"}],"wp:featuredmedia":[{"embeddable":true,"href":"https:\/\/portalmovil.com.ar\/index.php\/wp-json\/wp\/v2\/media\/58343"}],"wp:attachment":[{"href":"https:\/\/portalmovil.com.ar\/index.php\/wp-json\/wp\/v2\/media?parent=58342"}],"wp:term":[{"taxonomy":"category","embeddable":true,"href":"https:\/\/portalmovil.com.ar\/index.php\/wp-json\/wp\/v2\/categories?post=58342"},{"taxonomy":"post_tag","embeddable":true,"href":"https:\/\/portalmovil.com.ar\/index.php\/wp-json\/wp\/v2\/tags?post=58342"}],"curies":[{"name":"wp","href":"https:\/\/api.w.org\/{rel}","templated":true}]}}