{"id":58183,"date":"2022-06-17T10:42:05","date_gmt":"2022-06-17T13:42:05","guid":{"rendered":"https:\/\/portalmovil.com.ar\/?p=58183"},"modified":"2022-06-17T10:42:08","modified_gmt":"2022-06-17T13:42:08","slug":"habilitaron-las-refacciones-del-ciff-n16-de-fontana","status":"publish","type":"post","link":"https:\/\/portalmovil.com.ar\/index.php\/2022\/06\/17\/habilitaron-las-refacciones-del-ciff-n16-de-fontana\/","title":{"rendered":"Habilitaron las refacciones del CIFF N\u00b016 de Fontana"},"content":{"rendered":"\n<p>El gobernador Jorge Capitanich inaugur\u00f3 este jueves las obras de remodelaci\u00f3n integral del Centro de Integraci\u00f3n y Fortalecimiento Familiar (CIFF) N\u00b0 16 \u201cMargarita M. de Torres\u201d. Las obras demandaron una inversi\u00f3n de $32.705.334 financiados por el Banco Interamericano de Desarrollo (BID). \u201cEstos espacios promueven la igualdad de oportunidades y el acceso a derechos con equidad\u201d, expres\u00f3 el mandatario.<\/p>\n\n\n\n<p>La instituci\u00f3n funciona bajo la \u00f3rbita de la Subsecretar\u00eda de Ni\u00f1ez, Adolescencia y Familia, brindando cuidados integrales a ni\u00f1as y ni\u00f1os de 8 meses a 7 a\u00f1os y, actualmente, cuenta con una matr\u00edcula total de 100 ni\u00f1os y ni\u00f1as (80 del turno ma\u00f1ana y 20 del turno tarde), beneficiando a 79 familias de la zona.<\/p>\n","protected":false},"excerpt":{"rendered":"<p>El gobernador Jorge Capitanich inaugur\u00f3 este jueves las obras de remodelaci\u00f3n integral del Centro de Integraci\u00f3n y Fortalecimiento Familiar (CIFF) N\u00b0 16 \u201cMargarita M. de Torres\u201d. Las obras demandaron una inversi\u00f3n de $32.705.334 financiados por el Banco Interamericano de Desarrollo (BID). \u201cEstos espacios promueven la igualdad de oportunidades y el acceso a derechos con equidad\u201d, &hellip;<\/p>\n","protected":false},"author":2,"featured_media":58184,"comment_status":"open","ping_status":"open","sticky":false,"template":"","format":"standard","meta":{"_jetpack_memberships_contains_paid_content":false,"footnotes":"","jetpack_publicize_message":"","jetpack_publicize_feature_enabled":true,"jetpack_social_post_already_shared":true,"jetpack_social_options":{"image_generator_settings":{"template":"highway","default_image_id":0,"font":"","enabled":false},"version":2}},"categories":[5,12],"tags":[],"class_list":["post-58183","post","type-post","status-publish","format-standard","has-post-thumbnail","hentry","category-chaco","category-ultimo"],"jetpack_publicize_connections":[],"jetpack_featured_media_url":"https:\/\/portalmovil.com.ar\/wp-content\/uploads\/2022\/06\/c9f6581b7e254f4f8659a63e6949eecc.jpg","jetpack_sharing_enabled":true,"amp_enabled":true,"_links":{"self":[{"href":"https:\/\/portalmovil.com.ar\/index.php\/wp-json\/wp\/v2\/posts\/58183","targetHints":{"allow":["GET"]}}],"collection":[{"href":"https:\/\/portalmovil.com.ar\/index.php\/wp-json\/wp\/v2\/posts"}],"about":[{"href":"https:\/\/portalmovil.com.ar\/index.php\/wp-json\/wp\/v2\/types\/post"}],"author":[{"embeddable":true,"href":"https:\/\/portalmovil.com.ar\/index.php\/wp-json\/wp\/v2\/users\/2"}],"replies":[{"embeddable":true,"href":"https:\/\/portalmovil.com.ar\/index.php\/wp-json\/wp\/v2\/comments?post=58183"}],"version-history":[{"count":1,"href":"https:\/\/portalmovil.com.ar\/index.php\/wp-json\/wp\/v2\/posts\/58183\/revisions"}],"predecessor-version":[{"id":58185,"href":"https:\/\/portalmovil.com.ar\/index.php\/wp-json\/wp\/v2\/posts\/58183\/revisions\/58185"}],"wp:featuredmedia":[{"embeddable":true,"href":"https:\/\/portalmovil.com.ar\/index.php\/wp-json\/wp\/v2\/media\/58184"}],"wp:attachment":[{"href":"https:\/\/portalmovil.com.ar\/index.php\/wp-json\/wp\/v2\/media?parent=58183"}],"wp:term":[{"taxonomy":"category","embeddable":true,"href":"https:\/\/portalmovil.com.ar\/index.php\/wp-json\/wp\/v2\/categories?post=58183"},{"taxonomy":"post_tag","embeddable":true,"href":"https:\/\/portalmovil.com.ar\/index.php\/wp-json\/wp\/v2\/tags?post=58183"}],"curies":[{"name":"wp","href":"https:\/\/api.w.org\/{rel}","templated":true}]}}