{"id":57736,"date":"2022-06-08T14:46:45","date_gmt":"2022-06-08T17:46:45","guid":{"rendered":"https:\/\/portalmovil.com.ar\/?p=57736"},"modified":"2022-06-08T16:01:38","modified_gmt":"2022-06-08T19:01:38","slug":"un-policia-detenido-por-supuesto-abuso-a-una-menor-de-14-anos","status":"publish","type":"post","link":"https:\/\/portalmovil.com.ar\/index.php\/2022\/06\/08\/un-policia-detenido-por-supuesto-abuso-a-una-menor-de-14-anos\/","title":{"rendered":"Un polic\u00eda detenido por supuesto abuso a una menor de 14 a\u00f1os"},"content":{"rendered":"\n<p>Un&nbsp;<strong>efectivo de la comisar\u00eda primera<\/strong>&nbsp;de Juan Jos\u00e9 Castelli fue detenido luego de que&nbsp;<strong>una adolescente de 14 a\u00f1os lo denuncie<\/strong>&nbsp;por abuso sexual.<\/p>\n\n\n\n<figure class=\"wp-block-image size-full\"><img loading=\"lazy\" decoding=\"async\" width=\"720\" height=\"720\" src=\"https:\/\/portalmovil.com.ar\/wp-content\/uploads\/2022\/06\/FB_IMG_1654712627632.jpg\" alt=\"\" class=\"wp-image-57739\" srcset=\"https:\/\/portalmovil.com.ar\/wp-content\/uploads\/2022\/06\/FB_IMG_1654712627632.jpg 720w, https:\/\/portalmovil.com.ar\/wp-content\/uploads\/2022\/06\/FB_IMG_1654712627632-300x300.jpg 300w, https:\/\/portalmovil.com.ar\/wp-content\/uploads\/2022\/06\/FB_IMG_1654712627632-150x150.jpg 150w\" sizes=\"auto, (max-width: 720px) 100vw, 720px\" \/><\/figure>\n\n\n\n<p>El agente fue identificado como \u00ab<strong>Ismael Casco<\/strong>\u00bb y fue arrestado el pasado 2 de junio, el mismo d\u00eda en que la menor hizo la presentaci\u00f3n penal.<\/p>\n\n\n\n<p>La menor radic\u00f3 la denuncia acompa\u00f1ado de su t\u00edo y asegur\u00f3 que&nbsp;<strong>tambi\u00e9n sufri\u00f3 \u00abvarios ataques sexuales en a\u00f1os anteriores\u00bb<\/strong>&nbsp;por parte de la pareja de su madre, en el domicilio que comparten en el paraje El Paraisal.<br><br>Tras recibir el informe, la Fiscal\u00eda de Investigaci\u00f3n Penal N\u00b01 de Castelli, a cargo de&nbsp;<strong>Raquel Maldonado<\/strong>, orden\u00f3 la&nbsp;<strong>detenci\u00f3n preventiva del agente policial<\/strong>, a quien le iniciaron las actuaciones administrativas correspondientes.<br><br>De esta manera, el acusado&nbsp;<strong>fue separado de sus funciones<\/strong>&nbsp;mediante un sumario administrativo y&nbsp;<strong>se le retuvo el arma reglamentaria<\/strong>.<\/p>\n\n\n\n<p>En el caso intervino la&nbsp;<strong>Unidad de Protecci\u00f3n Infantil (UPI)<\/strong>&nbsp;para contener a la menor y se prev\u00e9 que psic\u00f3logos y especialistas del&nbsp;<strong>Gabinete Cient\u00edfico<\/strong>&nbsp;realicen los estudios m\u00e9dicos. &nbsp;<\/p>\n","protected":false},"excerpt":{"rendered":"<p>Un&nbsp;efectivo de la comisar\u00eda primera&nbsp;de Juan Jos\u00e9 Castelli fue detenido luego de que&nbsp;una adolescente de 14 a\u00f1os lo denuncie&nbsp;por abuso sexual. El agente fue identificado como \u00abIsmael Casco\u00bb y fue arrestado el pasado 2 de junio, el mismo d\u00eda en que la menor hizo la presentaci\u00f3n penal. La menor radic\u00f3 la denuncia acompa\u00f1ado de su &hellip;<\/p>\n","protected":false},"author":2,"featured_media":19959,"comment_status":"open","ping_status":"open","sticky":false,"template":"","format":"standard","meta":{"_jetpack_memberships_contains_paid_content":false,"footnotes":"","jetpack_publicize_message":"","jetpack_publicize_feature_enabled":true,"jetpack_social_post_already_shared":true,"jetpack_social_options":{"image_generator_settings":{"template":"highway","default_image_id":0,"font":"","enabled":false},"version":2}},"categories":[5,8],"tags":[],"class_list":["post-57736","post","type-post","status-publish","format-standard","has-post-thumbnail","hentry","category-chaco","category-policiales"],"jetpack_publicize_connections":[],"jetpack_featured_media_url":"https:\/\/portalmovil.com.ar\/wp-content\/uploads\/2021\/01\/842e7303-6c84-4b8c-a372-d1f252c81433.jpg","jetpack_sharing_enabled":true,"amp_enabled":true,"_links":{"self":[{"href":"https:\/\/portalmovil.com.ar\/index.php\/wp-json\/wp\/v2\/posts\/57736","targetHints":{"allow":["GET"]}}],"collection":[{"href":"https:\/\/portalmovil.com.ar\/index.php\/wp-json\/wp\/v2\/posts"}],"about":[{"href":"https:\/\/portalmovil.com.ar\/index.php\/wp-json\/wp\/v2\/types\/post"}],"author":[{"embeddable":true,"href":"https:\/\/portalmovil.com.ar\/index.php\/wp-json\/wp\/v2\/users\/2"}],"replies":[{"embeddable":true,"href":"https:\/\/portalmovil.com.ar\/index.php\/wp-json\/wp\/v2\/comments?post=57736"}],"version-history":[{"count":2,"href":"https:\/\/portalmovil.com.ar\/index.php\/wp-json\/wp\/v2\/posts\/57736\/revisions"}],"predecessor-version":[{"id":57740,"href":"https:\/\/portalmovil.com.ar\/index.php\/wp-json\/wp\/v2\/posts\/57736\/revisions\/57740"}],"wp:featuredmedia":[{"embeddable":true,"href":"https:\/\/portalmovil.com.ar\/index.php\/wp-json\/wp\/v2\/media\/19959"}],"wp:attachment":[{"href":"https:\/\/portalmovil.com.ar\/index.php\/wp-json\/wp\/v2\/media?parent=57736"}],"wp:term":[{"taxonomy":"category","embeddable":true,"href":"https:\/\/portalmovil.com.ar\/index.php\/wp-json\/wp\/v2\/categories?post=57736"},{"taxonomy":"post_tag","embeddable":true,"href":"https:\/\/portalmovil.com.ar\/index.php\/wp-json\/wp\/v2\/tags?post=57736"}],"curies":[{"name":"wp","href":"https:\/\/api.w.org\/{rel}","templated":true}]}}