{"id":57693,"date":"2022-06-07T17:00:26","date_gmt":"2022-06-07T20:00:26","guid":{"rendered":"https:\/\/portalmovil.com.ar\/?p=57693"},"modified":"2022-06-07T17:00:28","modified_gmt":"2022-06-07T20:00:28","slug":"covid-19-cronograma-de-vacunacion-para-este-miercoles-8","status":"publish","type":"post","link":"https:\/\/portalmovil.com.ar\/index.php\/2022\/06\/07\/covid-19-cronograma-de-vacunacion-para-este-miercoles-8\/","title":{"rendered":"COVID-19: Cronograma de vacunaci\u00f3n para este mi\u00e9rcoles 8"},"content":{"rendered":"\n<p>En el marco de las acciones desplegadas para minimizar los efectos de la pandemia de COVID-19, y en la continuidad de la hist\u00f3rica campa\u00f1a de inmunizaci\u00f3n que se realiza en toda la provincia, el Ministerio de Salud dispuso el funcionamiento de vacunatorios fijos en toda el \u00e1rea metropolitana este&nbsp;<strong>mi\u00e9rcoles 8 de junio.<\/strong>&nbsp;<\/p>\n\n\n\n<p><strong>Primera y segunda dosis<\/strong>&nbsp;de vacunas COVID-19, a partir de los 3 a\u00f1os de edad, con lineamiento establecido para cada vacuna seg\u00fan la edad. Tambi\u00e9n hay disponibilidad de vacunas Doble Viral-Varicela.<\/p>\n\n\n\n<p>Dosis adicional para pacientes inmunocomprometidos desde los 3 a\u00f1os, con esquema primario de 2 dosis completo.<\/p>\n\n\n\n<p>-Personas de 50 a\u00f1os o m\u00e1s con esquema de dos dosis de Sinopharm.<\/p>\n\n\n\n<p>Resistencia: Escuela de Polic\u00eda (de 7 a 13), Escuela de Salud P\u00fablica (de 8 a 16), Hospital \u201cDr. Julio C. Perrando\u201d (de 6.30 a 17), Hospital Pedi\u00e1trico (7 a 18) y Consultorio Febriles (6 a 22).<\/p>\n\n\n\n<p>Barranqueras: Hospital \u201cEva Per\u00f3n\u201d (de 8 a 20).<\/p>\n\n\n\n<p>Puerto Vilelas: Centro de Salud \u201cFinochietto\u201d (7 a 19)<\/p>\n\n\n\n<p>Fontana: Hospital \u201cLuis Fontana\u201d (7.30 a 20)<\/p>\n\n\n\n<p><em>Todos los centros vacunatorios p\u00fablicos y privados.<\/em><\/p>\n\n\n\n<figure class=\"wp-block-image\"><img decoding=\"async\" src=\"http:\/\/agenciafoco.com.ar\/media\/cache\/quality\/uploads\/noticias\/629fac71dc8da027235024.jpg\" alt=\"\"\/><\/figure>\n\n\n\n<p><strong>Vacunaci\u00f3n pedi\u00e1trica<\/strong>&nbsp;contra COVID-19<\/p>\n\n\n\n<p>-Sinopharm primera y segunda dosis para ni\u00f1os de 3 a 11 a\u00f1os de edad y Pfizer 1 dosis y 2 dosis para ni\u00f1os de 5 a 11 a\u00f1os.<\/p>\n\n\n\n<p>-Pfizer 1 dosis y 2 dosis para ni\u00f1os de 5 a 11 a\u00f1os.<\/p>\n\n\n\n<p>-Moderna 1 dosis para ni\u00f1os y ni\u00f1as de 6 a 11 a\u00f1os.<\/p>\n\n\n\n<p>-Primera dosis de refuerzo mayores de 5 a 11 a\u00f1os&nbsp;<\/p>\n\n\n\n<p>-Vacuna Pfizer a partir de los 5 a\u00f1os (independientemente del esquema primario)<\/p>\n\n\n\n<p>-Moderna a partir de los 6 a\u00f1os (independientemente del esquema primario)<\/p>\n\n\n\n<p>Resistencia: Escuela de Polic\u00eda (de 7 a 13), Escuela de Salud P\u00fablica (de 8 a 16), Hospital \u201cDr. Julio C. Perrando\u201d (de 6.30 a 17), Hospital Pedi\u00e1trico (7 a 18) y Consultorio Febriles (6 a 22).<\/p>\n\n\n\n<p>Barranqueras: Hospital \u201cEva Per\u00f3n\u201d (de 8 a 20).<\/p>\n\n\n\n<p>Puerto Vilelas: Centro de Salud \u201cFinochietto\u201d (7 a 19)<\/p>\n\n\n\n<p>Fontana: Hospital \u201cLuis Fontana\u201d (7.30 a 20)<\/p>\n\n\n\n<p><em>Todos los centros vacunatorios p\u00fablicos y privados.<\/em><\/p>\n\n\n\n<figure class=\"wp-block-image\"><img decoding=\"async\" src=\"http:\/\/agenciafoco.com.ar\/media\/cache\/quality\/uploads\/noticias\/629fac71dd1a7408751403.jpg\" alt=\"\"\/><\/figure>\n\n\n\n<p><strong>Primer refuerzo:<\/strong>&nbsp;para personas que hayan cumplido un intervalo de 4 meses de su \u00faltima aplicaci\u00f3n son:<\/p>\n\n\n\n<p>-Mayores de 12 a\u00f1os que tengan esquema primario completo<\/p>\n\n\n\n<p>-Personas inmunocompometidas que tengan esquema primario completo y su dosis adicional<\/p>\n\n\n\n<p>-Personas mayores de 50 a\u00f1os que tengan esquema primario completo de vacuna Sinopharm y su dosis adicional.<\/p>\n\n\n\n<p><strong>Segundo refuerzo:<\/strong>&nbsp;para personas que cumplieron intervalo de 4 meses de su primer refuerzo:<\/p>\n\n\n\n<p>-Personal de salud<\/p>\n\n\n\n<p>-Mayor de 50 a\u00f1os en general<\/p>\n\n\n\n<p>-Personal esencial<\/p>\n\n\n\n<p>-Personas con y sin factores de riesgo de 18 a 49 a\u00f1os<\/p>\n\n\n\n<p>-Personas inmunocomprometidas de 12 a\u00f1os o m\u00e1s que tengan su esquema primario completo, dosis adicional y primer refuerzo.<\/p>\n\n\n\n<p>Dentro de esta poblaci\u00f3n, las personas COVID-19 positivo deben esperar 90 d\u00edas para recibir el segundo refuerzo<\/p>\n\n\n\n<p>Resistencia: Escuela de Polic\u00eda (de 7 a 13), Escuela de Salud P\u00fablica (de 8 a 16), Hospital \u201cDr. Julio C. Perrando\u201d (de 6.30 a 17), Hospital Pedi\u00e1trico (7 a 18) y Consultorio Febriles (6 a 22).<\/p>\n\n\n\n<p>Barranqueras: Hospital \u201cEva Per\u00f3n\u201d (de 8 a 20).<\/p>\n\n\n\n<p>Puerto Vilelas: Centro de Salud \u201cFinochietto\u201d (7 a 19)<\/p>\n\n\n\n<p>Fontana: Hospital \u201cLuis Fontana\u201d (7.30 a 20)<\/p>\n\n\n\n<p><em>Todos los centros vacunatorios p\u00fablicos y privados.<\/em><\/p>\n\n\n\n<figure class=\"wp-block-image\"><img decoding=\"async\" src=\"http:\/\/agenciafoco.com.ar\/media\/cache\/quality\/uploads\/noticias\/629fac71ddac6011291616.jpg\" alt=\"\"\/><\/figure>\n\n\n\n<h3 class=\"wp-block-heading\">Testeos<\/h3>\n\n\n\n<p>Ante la disminuci\u00f3n de la demanda y la mejor\u00eda en los indicadores epidemiol\u00f3gicos, desde el lunes 7 de febrero solo funciona durante las 24 horas, el Centro de Diagn\u00f3stico de Covid-19 del Consultorio de Febriles del Hospital Perrando (avenida Nicol\u00e1s Rojas Acosta 245).<\/p>\n\n\n\n<p>Para reportar la aparici\u00f3n de s\u00edntomas como fiebre, junto con tos, dolor de garganta, p\u00e9rdida del gusto y del olfato, v\u00f3mitos, diarrea, dificultad para respirar, dolores musculares, rinitis o congesti\u00f3n nasal, que pueden ser se\u00f1al de coronavirus, deben llamar al 0800-444-0829. Adem\u00e1s, enviando @chaco salud al 362 4300002 pueden comunicarse con un operador para informar la situaci\u00f3n y recibir recomendaciones.<\/p>\n","protected":false},"excerpt":{"rendered":"<p>En el marco de las acciones desplegadas para minimizar los efectos de la pandemia de COVID-19, y en la continuidad de la hist\u00f3rica campa\u00f1a de inmunizaci\u00f3n que se realiza en toda la provincia, el Ministerio de Salud dispuso el funcionamiento de vacunatorios fijos en toda el \u00e1rea metropolitana este&nbsp;mi\u00e9rcoles 8 de junio.&nbsp; Primera y segunda &hellip;<\/p>\n","protected":false},"author":2,"featured_media":49887,"comment_status":"open","ping_status":"open","sticky":false,"template":"","format":"standard","meta":{"_jetpack_memberships_contains_paid_content":false,"footnotes":"","jetpack_publicize_message":"","jetpack_publicize_feature_enabled":true,"jetpack_social_post_already_shared":true,"jetpack_social_options":{"image_generator_settings":{"template":"highway","default_image_id":0,"font":"","enabled":false},"version":2}},"categories":[5,46],"tags":[],"class_list":["post-57693","post","type-post","status-publish","format-standard","has-post-thumbnail","hentry","category-chaco","category-salud"],"jetpack_publicize_connections":[],"jetpack_featured_media_url":"https:\/\/portalmovil.com.ar\/wp-content\/uploads\/2022\/02\/Vacunacion-Covid19Chaco10-696x527-1.jpg","jetpack_sharing_enabled":true,"amp_enabled":true,"_links":{"self":[{"href":"https:\/\/portalmovil.com.ar\/index.php\/wp-json\/wp\/v2\/posts\/57693","targetHints":{"allow":["GET"]}}],"collection":[{"href":"https:\/\/portalmovil.com.ar\/index.php\/wp-json\/wp\/v2\/posts"}],"about":[{"href":"https:\/\/portalmovil.com.ar\/index.php\/wp-json\/wp\/v2\/types\/post"}],"author":[{"embeddable":true,"href":"https:\/\/portalmovil.com.ar\/index.php\/wp-json\/wp\/v2\/users\/2"}],"replies":[{"embeddable":true,"href":"https:\/\/portalmovil.com.ar\/index.php\/wp-json\/wp\/v2\/comments?post=57693"}],"version-history":[{"count":1,"href":"https:\/\/portalmovil.com.ar\/index.php\/wp-json\/wp\/v2\/posts\/57693\/revisions"}],"predecessor-version":[{"id":57694,"href":"https:\/\/portalmovil.com.ar\/index.php\/wp-json\/wp\/v2\/posts\/57693\/revisions\/57694"}],"wp:featuredmedia":[{"embeddable":true,"href":"https:\/\/portalmovil.com.ar\/index.php\/wp-json\/wp\/v2\/media\/49887"}],"wp:attachment":[{"href":"https:\/\/portalmovil.com.ar\/index.php\/wp-json\/wp\/v2\/media?parent=57693"}],"wp:term":[{"taxonomy":"category","embeddable":true,"href":"https:\/\/portalmovil.com.ar\/index.php\/wp-json\/wp\/v2\/categories?post=57693"},{"taxonomy":"post_tag","embeddable":true,"href":"https:\/\/portalmovil.com.ar\/index.php\/wp-json\/wp\/v2\/tags?post=57693"}],"curies":[{"name":"wp","href":"https:\/\/api.w.org\/{rel}","templated":true}]}}