{"id":57666,"date":"2022-06-07T15:11:02","date_gmt":"2022-06-07T18:11:02","guid":{"rendered":"https:\/\/portalmovil.com.ar\/?p=57666"},"modified":"2022-06-07T15:11:05","modified_gmt":"2022-06-07T18:11:05","slug":"martinez-se-reunio-con-representantes-de-la-uta-y-pidio-que-se-reestablezca-el-servicio-de-transporte","status":"publish","type":"post","link":"https:\/\/portalmovil.com.ar\/index.php\/2022\/06\/07\/martinez-se-reunio-con-representantes-de-la-uta-y-pidio-que-se-reestablezca-el-servicio-de-transporte\/","title":{"rendered":"Mart\u00ednez se reuni\u00f3 con representantes de la UTA y pidi\u00f3 que se reestablezca el servicio de transporte"},"content":{"rendered":"\n<p>El intendente Gustavo Mart\u00ednez y representantes de la Uni\u00f3n Tranviaria Automotor (UTA) dialogaron sobre la situaci\u00f3n actual del transporte p\u00fablico y el conflicto que mantienen las empresas con sus trabajadores, por lo cual se est\u00e1n llevando a cabo medidas de fuerza que afectan el normal cumplimiento del servicio. &nbsp;<\/p>\n\n\n\n<p>Tras una reuni\u00f3n a la que asistieron los representantes de este gremio, Ra\u00fal y C\u00e9sar Abraham, hubo coincidencia en varios puntos. &nbsp; &nbsp;&nbsp;<\/p>\n\n\n\n<p><strong>\u00abPlanteamos la preocupaci\u00f3n en nombre de los vecinos sobre esta situaci\u00f3n y, seguramente, se establecer\u00e1 alg\u00fan tipo de acuerdo entre los empresarios y los trabajadores para poder cumplir con lo que establece el convenio nacional<\/strong>\u00ab, observ\u00f3 el Intendente, quien estuvo acompa\u00f1ado por el secretario de Gobierno, Hugo Acevedo y los subsecretarios de Transporte, Luis Cabrera y de Tr\u00e1nsito, Mat\u00edas Breard.<\/p>\n\n\n\n<p>\u00abSeguramente, encontrar\u00e1n una soluci\u00f3n&nbsp;<strong>para que se cumpla con el convenio colectivo nacional, que prev\u00e9 un aumento de salarios este mes<\/strong>\u00ab, subray\u00f3.<\/p>\n\n\n\n<p>Adem\u00e1s dej\u00f3 en claro que este conflicto es del \u00e1mbito privado, pero que amerita sanciones a las empresas de transporte. \u00ab<strong>Cada empresario sabr\u00e1 que hacer, pero hay una situaci\u00f3n, las empresas que dependen de la Provincia cobraron el subsidio nacional, no as\u00ed las que son de Resistencia\u00bb<\/strong>, explic\u00f3.<\/p>\n\n\n\n<p>Adelant\u00f3 que&nbsp;<strong>trabajar\u00e1n en las pr\u00f3ximas semanas en la actualizaci\u00f3n del valor del boleto urbano<\/strong>&nbsp;para que sea similar al interurbano del \u00e1rea metropolitana.<\/p>\n\n\n\n<p>\u00abEstas cuestiones son importantes y empezar\u00e1n a ordenarse con el nuevo sistema del transporte p\u00fablico de pasajeros a partir que se adjudique el servicio\u00bb, admiti\u00f3, haciendo alusi\u00f3n a que&nbsp;<strong>el 15 de julio pr\u00f3ximo se abrir\u00e1n los sobres de las ofertas de la licitaci\u00f3n nacional,<\/strong>&nbsp;de la cual hay empresas de otras provincias que compraron los pliegos al respecto.<\/p>\n\n\n\n<p><strong>ACEVEDO: \u00abENCUENTRO POSITIVO\u00bb<\/strong><\/p>\n\n\n\n<p>A su vez, el secretario municipal de Gobierno, Hugo Acevedo, explic\u00f3 que el encuentro \u00abfue muy positivo, se analiz\u00f3 la situaci\u00f3n del sector y adem\u00e1s&nbsp;<strong>acordamos resolver situaciones a futuro\u00bb.<\/strong><\/p>\n\n\n\n<p>Tambi\u00e9n invit\u00f3 a los sindicalistas que representan a los choferes de colectivos a formar parte de la comisi\u00f3n evaluadora de las futuras l\u00edneas adjudicadas.<\/p>\n\n\n\n<p>\u00ab<strong>Queremos llevar tranquilidad a los trabajadores del volante<\/strong>, por ello elaboraremos una agenda de reuniones para trabajar en las cuestiones que hacen a la mejora del servicio\u00bb, asegur\u00f3.<\/p>\n\n\n\n<p><strong>ABRAHAM: \u00abHAY BUENA INTENCI\u00d3N\u00bb<\/strong><\/p>\n\n\n\n<p>Por su parte, el secretario general de la UTA local, Ra\u00fal Abraham, consider\u00f3 buena la reuni\u00f3n. \u00abFuimos convocados para tratar este tema del paro de este martes para encontrar una soluci\u00f3n.&nbsp;<strong>Hay buena intenci\u00f3n del Intendente y de su gabinete para tratar de destrabar el tema\u00bb.<\/strong><\/p>\n\n\n\n<p><strong>\u00abHay una gran posibilidad de soluci\u00f3n, es lo que piden los empresarios para que aumenten la tarifa y que se equipare con la Provincia\u00bb<\/strong>, indic\u00f3, haciendo alusi\u00f3n a la diferencia de costos del boleto urbano con el interurbano que prestan servicios en el \u00e1rea metropolitana.<\/p>\n\n\n\n<p>\u00abEsto provoca discusiones in\u00fatiles que perjudican a la gente, si esto se concreta, se levantar\u00e1 la medida y se dejar\u00e1 sin efecto.&nbsp;<strong>Todo se consigue a trav\u00e9s del di\u00e1logo, hay buena voluntad<\/strong>\u00ab, remarc\u00f3.<\/p>\n","protected":false},"excerpt":{"rendered":"<p>El intendente Gustavo Mart\u00ednez y representantes de la Uni\u00f3n Tranviaria Automotor (UTA) dialogaron sobre la situaci\u00f3n actual del transporte p\u00fablico y el conflicto que mantienen las empresas con sus trabajadores, por lo cual se est\u00e1n llevando a cabo medidas de fuerza que afectan el normal cumplimiento del servicio. &nbsp; Tras una reuni\u00f3n a la que &hellip;<\/p>\n","protected":false},"author":2,"featured_media":57667,"comment_status":"open","ping_status":"open","sticky":false,"template":"","format":"standard","meta":{"_jetpack_memberships_contains_paid_content":false,"footnotes":"","jetpack_publicize_message":"","jetpack_publicize_feature_enabled":true,"jetpack_social_post_already_shared":true,"jetpack_social_options":{"image_generator_settings":{"template":"highway","default_image_id":0,"font":"","enabled":false},"version":2}},"categories":[8,37],"tags":[],"class_list":["post-57666","post","type-post","status-publish","format-standard","has-post-thumbnail","hentry","category-policiales","category-resistencia"],"jetpack_publicize_connections":[],"jetpack_featured_media_url":"https:\/\/portalmovil.com.ar\/wp-content\/uploads\/2022\/06\/0d060239-3e89-4936-83c6-fa0823a104a3.jpg","jetpack_sharing_enabled":true,"amp_enabled":true,"_links":{"self":[{"href":"https:\/\/portalmovil.com.ar\/index.php\/wp-json\/wp\/v2\/posts\/57666","targetHints":{"allow":["GET"]}}],"collection":[{"href":"https:\/\/portalmovil.com.ar\/index.php\/wp-json\/wp\/v2\/posts"}],"about":[{"href":"https:\/\/portalmovil.com.ar\/index.php\/wp-json\/wp\/v2\/types\/post"}],"author":[{"embeddable":true,"href":"https:\/\/portalmovil.com.ar\/index.php\/wp-json\/wp\/v2\/users\/2"}],"replies":[{"embeddable":true,"href":"https:\/\/portalmovil.com.ar\/index.php\/wp-json\/wp\/v2\/comments?post=57666"}],"version-history":[{"count":1,"href":"https:\/\/portalmovil.com.ar\/index.php\/wp-json\/wp\/v2\/posts\/57666\/revisions"}],"predecessor-version":[{"id":57668,"href":"https:\/\/portalmovil.com.ar\/index.php\/wp-json\/wp\/v2\/posts\/57666\/revisions\/57668"}],"wp:featuredmedia":[{"embeddable":true,"href":"https:\/\/portalmovil.com.ar\/index.php\/wp-json\/wp\/v2\/media\/57667"}],"wp:attachment":[{"href":"https:\/\/portalmovil.com.ar\/index.php\/wp-json\/wp\/v2\/media?parent=57666"}],"wp:term":[{"taxonomy":"category","embeddable":true,"href":"https:\/\/portalmovil.com.ar\/index.php\/wp-json\/wp\/v2\/categories?post=57666"},{"taxonomy":"post_tag","embeddable":true,"href":"https:\/\/portalmovil.com.ar\/index.php\/wp-json\/wp\/v2\/tags?post=57666"}],"curies":[{"name":"wp","href":"https:\/\/api.w.org\/{rel}","templated":true}]}}