{"id":57648,"date":"2022-06-07T11:32:02","date_gmt":"2022-06-07T14:32:02","guid":{"rendered":"https:\/\/portalmovil.com.ar\/?p=57648"},"modified":"2022-06-07T11:32:05","modified_gmt":"2022-06-07T14:32:05","slug":"el-presidente-llamo-a-mejorar-la-distribucion-del-ingreso-y-pidio-responsabilidad","status":"publish","type":"post","link":"https:\/\/portalmovil.com.ar\/index.php\/2022\/06\/07\/el-presidente-llamo-a-mejorar-la-distribucion-del-ingreso-y-pidio-responsabilidad\/","title":{"rendered":"El Presidente llam\u00f3 a mejorar la distribuci\u00f3n del ingreso y pidi\u00f3 \u00abresponsabilidad\u00bb"},"content":{"rendered":"\n<p><strong>El presidente Alberto Fern\u00e1ndez abog\u00f3 hoy, en un mensaje grabado que fue compartido en la apertura del encuentro anual de la Asociaci\u00f3n Empresaria Argentina (AEA), porque el pa\u00eds pueda \u00abaprovechar la ventana de oportunidad\u00bb para ser \u00abun gran productor de energ\u00eda y de alimentos\u00bb, pidi\u00f3 \u00abresponsabilidad en un contexto de guerra\u00bb y destac\u00f3 la necesidad de \u00abreglamentar adecuadamente la distribuci\u00f3n del ingreso\u00bb, ya que \u00abun n\u00famero muy importante de argentinos no han logrado captar\u00bb las \u00abganancias que se est\u00e1n dando\u00bb.<\/strong><\/p>\n","protected":false},"excerpt":{"rendered":"<p>El presidente Alberto Fern\u00e1ndez abog\u00f3 hoy, en un mensaje grabado que fue compartido en la apertura del encuentro anual de la Asociaci\u00f3n Empresaria Argentina (AEA), porque el pa\u00eds pueda \u00abaprovechar la ventana de oportunidad\u00bb para ser \u00abun gran productor de energ\u00eda y de alimentos\u00bb, pidi\u00f3 \u00abresponsabilidad en un contexto de guerra\u00bb y destac\u00f3 la necesidad &hellip;<\/p>\n","protected":false},"author":2,"featured_media":54349,"comment_status":"open","ping_status":"open","sticky":false,"template":"","format":"standard","meta":{"_jetpack_memberships_contains_paid_content":false,"footnotes":"","jetpack_publicize_message":"","jetpack_publicize_feature_enabled":true,"jetpack_social_post_already_shared":true,"jetpack_social_options":{"image_generator_settings":{"template":"highway","default_image_id":0,"font":"","enabled":false},"version":2}},"categories":[639,14,12],"tags":[],"class_list":["post-57648","post","type-post","status-publish","format-standard","has-post-thumbnail","hentry","category-argentina","category-politica","category-ultimo"],"jetpack_publicize_connections":[],"jetpack_featured_media_url":"https:\/\/portalmovil.com.ar\/wp-content\/uploads\/2022\/04\/5feb11729b603_900.jpg","jetpack_sharing_enabled":true,"amp_enabled":true,"_links":{"self":[{"href":"https:\/\/portalmovil.com.ar\/index.php\/wp-json\/wp\/v2\/posts\/57648","targetHints":{"allow":["GET"]}}],"collection":[{"href":"https:\/\/portalmovil.com.ar\/index.php\/wp-json\/wp\/v2\/posts"}],"about":[{"href":"https:\/\/portalmovil.com.ar\/index.php\/wp-json\/wp\/v2\/types\/post"}],"author":[{"embeddable":true,"href":"https:\/\/portalmovil.com.ar\/index.php\/wp-json\/wp\/v2\/users\/2"}],"replies":[{"embeddable":true,"href":"https:\/\/portalmovil.com.ar\/index.php\/wp-json\/wp\/v2\/comments?post=57648"}],"version-history":[{"count":1,"href":"https:\/\/portalmovil.com.ar\/index.php\/wp-json\/wp\/v2\/posts\/57648\/revisions"}],"predecessor-version":[{"id":57649,"href":"https:\/\/portalmovil.com.ar\/index.php\/wp-json\/wp\/v2\/posts\/57648\/revisions\/57649"}],"wp:featuredmedia":[{"embeddable":true,"href":"https:\/\/portalmovil.com.ar\/index.php\/wp-json\/wp\/v2\/media\/54349"}],"wp:attachment":[{"href":"https:\/\/portalmovil.com.ar\/index.php\/wp-json\/wp\/v2\/media?parent=57648"}],"wp:term":[{"taxonomy":"category","embeddable":true,"href":"https:\/\/portalmovil.com.ar\/index.php\/wp-json\/wp\/v2\/categories?post=57648"},{"taxonomy":"post_tag","embeddable":true,"href":"https:\/\/portalmovil.com.ar\/index.php\/wp-json\/wp\/v2\/tags?post=57648"}],"curies":[{"name":"wp","href":"https:\/\/api.w.org\/{rel}","templated":true}]}}